{"id":101654,"date":"2026-04-30T20:13:49","date_gmt":"2026-04-30T18:13:49","guid":{"rendered":"https:\/\/www.viatgeaddictes.com\/blog\/?p=101654"},"modified":"2026-04-30T20:14:02","modified_gmt":"2026-04-30T18:14:02","slug":"el-vuelo-mas-largo-del-mundo-conectara-sidney-y-londres-en-22-horas-sin-escalas","status":"publish","type":"post","link":"https:\/\/www.viatgeaddictes.com\/blog\/2026\/04\/el-vuelo-mas-largo-del-mundo-conectara-sidney-y-londres-en-22-horas-sin-escalas\/","title":{"rendered":"El vuelo m\u00e1s largo del mundo conectar\u00e1 S\u00eddney y Londres en 22 horas sin escalas"},"content":{"rendered":"\n<p>La aerol\u00ednea australiana ha anunciado para 2027 el lanzamiento del vuelo comercial m\u00e1s largo del mundo, apostando as\u00ed por los vuelos de larga distancia.<\/p>\n\n\n\n<p>En este vuelo, a bordo de un avi\u00f3n Airbus A350-1000ULR (Ultra Long Range), los pasajeros estar\u00e1n en el aire&nbsp;hasta 22 horas sin escalas, con dos nuevas rutas directas que conectar\u00e1n <strong>S\u00eddney <\/strong>con <strong>Londres <\/strong>y con <strong>Nueva York<\/strong>.<\/p>\n\n\n\n<figure class=\"wp-block-image size-large\"><a href=\"https:\/\/www.viatgeaddictes.com\/blog\/wp-content\/uploads\/2026\/04\/airbus-a3650-1000ulr.jpg\"><img loading=\"lazy\" decoding=\"async\" width=\"1024\" height=\"612\" src=\"https:\/\/www.viatgeaddictes.com\/blog\/wp-content\/uploads\/2026\/04\/airbus-a3650-1000ulr-1024x612.jpg\" alt=\"\" class=\"wp-image-101655\" srcset=\"https:\/\/www.viatgeaddictes.com\/blog\/wp-content\/uploads\/2026\/04\/airbus-a3650-1000ulr-1024x612.jpg 1024w, https:\/\/www.viatgeaddictes.com\/blog\/wp-content\/uploads\/2026\/04\/airbus-a3650-1000ulr-300x179.jpg 300w, https:\/\/www.viatgeaddictes.com\/blog\/wp-content\/uploads\/2026\/04\/airbus-a3650-1000ulr-768x459.jpg 768w, https:\/\/www.viatgeaddictes.com\/blog\/wp-content\/uploads\/2026\/04\/airbus-a3650-1000ulr-500x300.jpg 500w, https:\/\/www.viatgeaddictes.com\/blog\/wp-content\/uploads\/2026\/04\/airbus-a3650-1000ulr.jpg 1284w\" sizes=\"auto, (max-width: 1024px) 100vw, 1024px\" \/><\/a><figcaption class=\"wp-element-caption\">El Airbus A350-1000ULR en fase de pruebas (\u00a9 Qantas)<\/figcaption><\/figure>\n\n\n\n<!--more-->\n\n\n\n<p>Para hacerse una idea de lo que esto supone, basta decir que el vuelo comercial regular m\u00e1s largo que opera actualmente es uno de la compa\u00f1\u00eda a\u00e9rea Singapore Airlines entre el aeropuerto de Newark, en <strong>Nueva York<\/strong>, y el de Changi, en <strong>Singapur<\/strong>, con una duraci\u00f3n de&nbsp;18 horas y 30 minutos.<\/p>\n\n\n\n<p>El avi\u00f3n Airbus A350-1000ULR puede volar durante m\u00e1s tiempo gracias a un&nbsp;dep\u00f3sito adicional de combustible de 20.000 litros&nbsp;situado en la parte trasera del fuselaje. Adem\u00e1s ha sido especialmente configurado para este tipo de vuelos. El primero de estos aviones se encuentra a\u00fan en fase de pruebas, tanto en tierra como en vuelo, por lo que a\u00fan no ser\u00e1 entregado a la aerol\u00ednea Qantas hasta dentro de unos cuantos meses.<\/p>\n\n\n\n<h2 class=\"wp-block-heading\">Qu\u00e9 pueden esperar los pasajeros a bordo<\/h2>\n\n\n\n<p>Seg\u00fan la aerol\u00ednea Qantas, las cabinas cuentan con un \u00abdise\u00f1o respaldado por la ciencia para&nbsp;<strong>minimizar el jet lag y maximizar el bienestar<\/strong>\u00ab. En lugar de los m\u00e1s de 300 asientos habituales en otros A350-1000, los aviones de&nbsp;Qantas&nbsp;tendr\u00e1n una configuraci\u00f3n de 238 plazas.<\/p>\n\n\n\n<p>El espacio adicional se ha utilizado para crear una \u00abzona de bienestar\u00bb entre las cabinas econ\u00f3mica y turista, accesible para todos los pasajeros. Esta zona contar\u00e1 con&nbsp;asideros para estirarse, pantallas con programas de ejercicio&nbsp;y una selecci\u00f3n de bebidas y aperitivos ligeros de autoservicio.<\/p>\n\n\n\n<p>En cuanto a la configuraci\u00f3n, el avi\u00f3n dispondr\u00e1 de&nbsp;seis suites de primera clase<strong>, <\/strong>52 asientos de clase business&nbsp;(configuraci\u00f3n 1-2-1), 40 de clase turista superior (2-4-2) y 140 de clase turista (3-3-3).<\/p>\n\n\n\n<p>Las suites de primera clase ofrecen&nbsp;un 50% m\u00e1s de espacio que en el A380, con un sill\u00f3n reclinable y una cama independiente de dos metros. En clase business, los asientos se convierten en camas planas de dos metros.<\/p>\n\n\n\n<p>En clase turista superior, la distancia entre filas es de un metro, mientras que en clase&nbsp;turista es de 83,8 cm, con reposapantorrillas y reposacabezas ajustables.<\/p>\n\n\n\n<p>Todos los pasajeros dispondr\u00e1n de wifi gratuito de alta velocidad y tambi\u00e9n podr\u00e1n conectar sus propios auriculares con Bluetooth al sistema de entretenimiento a bordo.<\/p>\n\n\n\n<h2 class=\"wp-block-heading\">Un proyecto con historia<\/h2>\n\n\n\n<p>El &#8216;Project Sunrise&#8217;, el plan para operar vuelos de ultra larga distancia desde <strong>Australia <\/strong>a ciudades como <strong>Nueva York<\/strong> o <strong>Londres<\/strong>,&nbsp;se remonta a 2017. El nombre hace referencia a los vuelos hist\u00f3ricos de \u00abdoble amanecer\u00bb operados por Qantas durante la Segunda Guerra Mundial entre <strong>Australia <\/strong>y <strong>Sri Lanka<\/strong>.<\/p>\n\n\n\n<p>En 2019 se realizaron vuelos de prueba, pero el proyecto qued\u00f3 en suspenso por la pandemia de Covid-19. En 2022, la aerol\u00ednea encarg\u00f3 12 Airbus A350-1000 con el objetivo de lanzar estas rutas. Ahora,&nbsp;su entrada en servicio est\u00e1 prevista para 2027<strong>.<\/strong><\/p>\n\n\n\n<p>Seg\u00fan afirma la propia Qantas estos vuelos reducir\u00e1n hasta cuatro horas los tiempos de viaje y&nbsp;cambiar\u00e1n la forma en que las personas experimentan los trayectos de ultra larga distancia.<\/p>\n","protected":false},"excerpt":{"rendered":"<p>La aerol\u00ednea australiana ha anunciado para 2027 el lanzamiento del vuelo comercial m\u00e1s largo del mundo, apostando as\u00ed por los vuelos de larga distancia. En este vuelo, a bordo de un avi\u00f3n Airbus A350-1000ULR (Ultra Long Range), los pasajeros estar\u00e1n &hellip; <a href=\"https:\/\/www.viatgeaddictes.com\/blog\/2026\/04\/el-vuelo-mas-largo-del-mundo-conectara-sidney-y-londres-en-22-horas-sin-escalas\/\">Sigue leyendo <span class=\"meta-nav\">&rarr;<\/span><\/a><\/p>\n","protected":false},"author":2,"featured_media":0,"comment_status":"open","ping_status":"open","sticky":false,"template":"","format":"standard","meta":{"_jetpack_memberships_contains_paid_content":false,"footnotes":""},"categories":[158,157,150,19],"tags":[51,200,33],"class_list":["post-101654","post","type-post","status-publish","format-standard","hentry","category-aviones","category-companias-aereas-2","category-rutas","category-vuelos","tag-australia","tag-ee-uu","tag-reino-unido"],"yoast_head":"<!-- This site is optimized with the Yoast SEO plugin v27.5 - https:\/\/yoast.com\/product\/yoast-seo-wordpress\/ -->\n<title>El vuelo m\u00e1s largo del mundo conectar\u00e1 S\u00eddney y Londres en 22 horas sin escalas<\/title>\n<meta name=\"description\" content=\"La aerol\u00ednea australiana ha anunciado para 2027 el lanzamiento del vuelo comercial m\u00e1s largo del mundo, apostando as\u00ed por los vuelos de larga distancia.\" \/>\n<meta name=\"robots\" content=\"index, follow, max-snippet:-1, max-image-preview:large, max-video-preview:-1\" \/>\n<link rel=\"canonical\" href=\"https:\/\/www.viatgeaddictes.com\/blog\/2026\/04\/el-vuelo-mas-largo-del-mundo-conectara-sidney-y-londres-en-22-horas-sin-escalas\/\" \/>\n<meta property=\"og:locale\" content=\"es_ES\" \/>\n<meta property=\"og:type\" content=\"article\" \/>\n<meta property=\"og:title\" content=\"El vuelo m\u00e1s largo del mundo conectar\u00e1 S\u00eddney y Londres en 22 horas sin escalas\" \/>\n<meta property=\"og:description\" content=\"La aerol\u00ednea australiana ha anunciado para 2027 el lanzamiento del vuelo comercial m\u00e1s largo del mundo, apostando as\u00ed por los vuelos de larga distancia.\" \/>\n<meta property=\"og:url\" content=\"https:\/\/www.viatgeaddictes.com\/blog\/2026\/04\/el-vuelo-mas-largo-del-mundo-conectara-sidney-y-londres-en-22-horas-sin-escalas\/\" \/>\n<meta property=\"og:site_name\" content=\"Blog de noticias de viajes y turismo\" \/>\n<meta property=\"article:publisher\" content=\"facebook.com\/viatgeaddictes\" \/>\n<meta property=\"article:author\" content=\"facebook.com\/viatgeaddictes\" \/>\n<meta property=\"article:published_time\" content=\"2026-04-30T18:13:49+00:00\" \/>\n<meta property=\"article:modified_time\" content=\"2026-04-30T18:14:02+00:00\" \/>\n<meta property=\"og:image\" content=\"https:\/\/www.viatgeaddictes.com\/blog\/wp-content\/uploads\/2026\/04\/airbus-a3650-1000ulr.jpg\" \/>\n\t<meta property=\"og:image:width\" content=\"1284\" \/>\n\t<meta property=\"og:image:height\" content=\"768\" \/>\n\t<meta property=\"og:image:type\" content=\"image\/jpeg\" \/>\n<meta name=\"author\" content=\"Viatgeaddictes\" \/>\n<meta name=\"twitter:card\" content=\"summary_large_image\" \/>\n<meta name=\"twitter:creator\" content=\"@viatgeaddictes\" \/>\n<meta name=\"twitter:site\" content=\"@viatgeaddictes\" \/>\n<meta name=\"twitter:label1\" content=\"Escrito por\" \/>\n\t<meta name=\"twitter:data1\" content=\"Viatgeaddictes\" \/>\n\t<meta name=\"twitter:label2\" content=\"Tiempo de lectura\" \/>\n\t<meta name=\"twitter:data2\" content=\"3 minutos\" \/>\n<script type=\"application\/ld+json\" class=\"yoast-schema-graph\">{\"@context\":\"https:\\\/\\\/schema.org\",\"@graph\":[{\"@type\":\"Article\",\"@id\":\"https:\\\/\\\/www.viatgeaddictes.com\\\/blog\\\/2026\\\/04\\\/el-vuelo-mas-largo-del-mundo-conectara-sidney-y-londres-en-22-horas-sin-escalas\\\/#article\",\"isPartOf\":{\"@id\":\"https:\\\/\\\/www.viatgeaddictes.com\\\/blog\\\/2026\\\/04\\\/el-vuelo-mas-largo-del-mundo-conectara-sidney-y-londres-en-22-horas-sin-escalas\\\/\"},\"author\":{\"name\":\"Viatgeaddictes\",\"@id\":\"https:\\\/\\\/www.viatgeaddictes.com\\\/blog\\\/#\\\/schema\\\/person\\\/37801c6f1a42b1acccc2262e8b9fb40a\"},\"headline\":\"El vuelo m\u00e1s largo del mundo conectar\u00e1 S\u00eddney y Londres en 22 horas sin escalas\",\"datePublished\":\"2026-04-30T18:13:49+00:00\",\"dateModified\":\"2026-04-30T18:14:02+00:00\",\"mainEntityOfPage\":{\"@id\":\"https:\\\/\\\/www.viatgeaddictes.com\\\/blog\\\/2026\\\/04\\\/el-vuelo-mas-largo-del-mundo-conectara-sidney-y-londres-en-22-horas-sin-escalas\\\/\"},\"wordCount\":602,\"commentCount\":0,\"publisher\":{\"@id\":\"https:\\\/\\\/www.viatgeaddictes.com\\\/blog\\\/#\\\/schema\\\/person\\\/37801c6f1a42b1acccc2262e8b9fb40a\"},\"image\":{\"@id\":\"https:\\\/\\\/www.viatgeaddictes.com\\\/blog\\\/2026\\\/04\\\/el-vuelo-mas-largo-del-mundo-conectara-sidney-y-londres-en-22-horas-sin-escalas\\\/#primaryimage\"},\"thumbnailUrl\":\"https:\\\/\\\/www.viatgeaddictes.com\\\/blog\\\/wp-content\\\/uploads\\\/2026\\\/04\\\/airbus-a3650-1000ulr-1024x612.jpg\",\"keywords\":[\"Australia\",\"EE.UU.\",\"Reino Unido\"],\"articleSection\":[\"Aviones\",\"Compa\u00f1\u00edas a\u00e9reas\",\"Rutas\",\"Vuelos\"],\"inLanguage\":\"es\",\"potentialAction\":[{\"@type\":\"CommentAction\",\"name\":\"Comment\",\"target\":[\"https:\\\/\\\/www.viatgeaddictes.com\\\/blog\\\/2026\\\/04\\\/el-vuelo-mas-largo-del-mundo-conectara-sidney-y-londres-en-22-horas-sin-escalas\\\/#respond\"]}]},{\"@type\":\"WebPage\",\"@id\":\"https:\\\/\\\/www.viatgeaddictes.com\\\/blog\\\/2026\\\/04\\\/el-vuelo-mas-largo-del-mundo-conectara-sidney-y-londres-en-22-horas-sin-escalas\\\/\",\"url\":\"https:\\\/\\\/www.viatgeaddictes.com\\\/blog\\\/2026\\\/04\\\/el-vuelo-mas-largo-del-mundo-conectara-sidney-y-londres-en-22-horas-sin-escalas\\\/\",\"name\":\"El vuelo m\u00e1s largo del mundo conectar\u00e1 S\u00eddney y Londres en 22 horas sin escalas\",\"isPartOf\":{\"@id\":\"https:\\\/\\\/www.viatgeaddictes.com\\\/blog\\\/#website\"},\"primaryImageOfPage\":{\"@id\":\"https:\\\/\\\/www.viatgeaddictes.com\\\/blog\\\/2026\\\/04\\\/el-vuelo-mas-largo-del-mundo-conectara-sidney-y-londres-en-22-horas-sin-escalas\\\/#primaryimage\"},\"image\":{\"@id\":\"https:\\\/\\\/www.viatgeaddictes.com\\\/blog\\\/2026\\\/04\\\/el-vuelo-mas-largo-del-mundo-conectara-sidney-y-londres-en-22-horas-sin-escalas\\\/#primaryimage\"},\"thumbnailUrl\":\"https:\\\/\\\/www.viatgeaddictes.com\\\/blog\\\/wp-content\\\/uploads\\\/2026\\\/04\\\/airbus-a3650-1000ulr-1024x612.jpg\",\"datePublished\":\"2026-04-30T18:13:49+00:00\",\"dateModified\":\"2026-04-30T18:14:02+00:00\",\"description\":\"La aerol\u00ednea australiana ha anunciado para 2027 el lanzamiento del vuelo comercial m\u00e1s largo del mundo, apostando as\u00ed por los vuelos de larga distancia.\",\"breadcrumb\":{\"@id\":\"https:\\\/\\\/www.viatgeaddictes.com\\\/blog\\\/2026\\\/04\\\/el-vuelo-mas-largo-del-mundo-conectara-sidney-y-londres-en-22-horas-sin-escalas\\\/#breadcrumb\"},\"inLanguage\":\"es\",\"potentialAction\":[{\"@type\":\"ReadAction\",\"target\":[\"https:\\\/\\\/www.viatgeaddictes.com\\\/blog\\\/2026\\\/04\\\/el-vuelo-mas-largo-del-mundo-conectara-sidney-y-londres-en-22-horas-sin-escalas\\\/\"]}]},{\"@type\":\"ImageObject\",\"inLanguage\":\"es\",\"@id\":\"https:\\\/\\\/www.viatgeaddictes.com\\\/blog\\\/2026\\\/04\\\/el-vuelo-mas-largo-del-mundo-conectara-sidney-y-londres-en-22-horas-sin-escalas\\\/#primaryimage\",\"url\":\"https:\\\/\\\/www.viatgeaddictes.com\\\/blog\\\/wp-content\\\/uploads\\\/2026\\\/04\\\/airbus-a3650-1000ulr.jpg\",\"contentUrl\":\"https:\\\/\\\/www.viatgeaddictes.com\\\/blog\\\/wp-content\\\/uploads\\\/2026\\\/04\\\/airbus-a3650-1000ulr.jpg\",\"width\":1284,\"height\":768},{\"@type\":\"BreadcrumbList\",\"@id\":\"https:\\\/\\\/www.viatgeaddictes.com\\\/blog\\\/2026\\\/04\\\/el-vuelo-mas-largo-del-mundo-conectara-sidney-y-londres-en-22-horas-sin-escalas\\\/#breadcrumb\",\"itemListElement\":[{\"@type\":\"ListItem\",\"position\":1,\"name\":\"Inici\",\"item\":\"https:\\\/\\\/www.viatgeaddictes.com\\\/blog\\\/\"},{\"@type\":\"ListItem\",\"position\":2,\"name\":\"El vuelo m\u00e1s largo del mundo conectar\u00e1 S\u00eddney y Londres en 22 horas sin escalas\"}]},{\"@type\":\"WebSite\",\"@id\":\"https:\\\/\\\/www.viatgeaddictes.com\\\/blog\\\/#website\",\"url\":\"https:\\\/\\\/www.viatgeaddictes.com\\\/blog\\\/\",\"name\":\"Viatgeaddictes - Blog de noticias de viajes y turismo\",\"description\":\"Viatgeaddictes.com, recursos para el viajero independiente\",\"publisher\":{\"@id\":\"https:\\\/\\\/www.viatgeaddictes.com\\\/blog\\\/#\\\/schema\\\/person\\\/37801c6f1a42b1acccc2262e8b9fb40a\"},\"potentialAction\":[{\"@type\":\"SearchAction\",\"target\":{\"@type\":\"EntryPoint\",\"urlTemplate\":\"https:\\\/\\\/www.viatgeaddictes.com\\\/blog\\\/?s={search_term_string}\"},\"query-input\":{\"@type\":\"PropertyValueSpecification\",\"valueRequired\":true,\"valueName\":\"search_term_string\"}}],\"inLanguage\":\"es\"},{\"@type\":[\"Person\",\"Organization\"],\"@id\":\"https:\\\/\\\/www.viatgeaddictes.com\\\/blog\\\/#\\\/schema\\\/person\\\/37801c6f1a42b1acccc2262e8b9fb40a\",\"name\":\"Viatgeaddictes\",\"image\":{\"@type\":\"ImageObject\",\"inLanguage\":\"es\",\"@id\":\"https:\\\/\\\/secure.gravatar.com\\\/avatar\\\/8e539e3957a5de243b927337e71f118ed9f49b85e9cc445b9cb8ac83700f32c6?s=96&d=identicon&r=g\",\"url\":\"https:\\\/\\\/secure.gravatar.com\\\/avatar\\\/8e539e3957a5de243b927337e71f118ed9f49b85e9cc445b9cb8ac83700f32c6?s=96&d=identicon&r=g\",\"contentUrl\":\"https:\\\/\\\/secure.gravatar.com\\\/avatar\\\/8e539e3957a5de243b927337e71f118ed9f49b85e9cc445b9cb8ac83700f32c6?s=96&d=identicon&r=g\",\"caption\":\"Viatgeaddictes\"},\"logo\":{\"@id\":\"https:\\\/\\\/secure.gravatar.com\\\/avatar\\\/8e539e3957a5de243b927337e71f118ed9f49b85e9cc445b9cb8ac83700f32c6?s=96&d=identicon&r=g\"},\"sameAs\":[\"https:\\\/\\\/www.viatgeaddictes.com\",\"facebook.com\\\/viatgeaddictes\",\"instagram.com\\\/viatgeaddictes\",\"https:\\\/\\\/x.com\\\/viatgeaddictes\",\"youtube.com\\\/viatgeaddictes\"],\"url\":\"https:\\\/\\\/www.viatgeaddictes.com\\\/blog\\\/author\\\/viatgeaddictes\\\/\"}]}<\/script>\n<!-- \/ Yoast SEO plugin. -->","yoast_head_json":{"title":"El vuelo m\u00e1s largo del mundo conectar\u00e1 S\u00eddney y Londres en 22 horas sin escalas","description":"La aerol\u00ednea australiana ha anunciado para 2027 el lanzamiento del vuelo comercial m\u00e1s largo del mundo, apostando as\u00ed por los vuelos de larga distancia.","robots":{"index":"index","follow":"follow","max-snippet":"max-snippet:-1","max-image-preview":"max-image-preview:large","max-video-preview":"max-video-preview:-1"},"canonical":"https:\/\/www.viatgeaddictes.com\/blog\/2026\/04\/el-vuelo-mas-largo-del-mundo-conectara-sidney-y-londres-en-22-horas-sin-escalas\/","og_locale":"es_ES","og_type":"article","og_title":"El vuelo m\u00e1s largo del mundo conectar\u00e1 S\u00eddney y Londres en 22 horas sin escalas","og_description":"La aerol\u00ednea australiana ha anunciado para 2027 el lanzamiento del vuelo comercial m\u00e1s largo del mundo, apostando as\u00ed por los vuelos de larga distancia.","og_url":"https:\/\/www.viatgeaddictes.com\/blog\/2026\/04\/el-vuelo-mas-largo-del-mundo-conectara-sidney-y-londres-en-22-horas-sin-escalas\/","og_site_name":"Blog de noticias de viajes y turismo","article_publisher":"facebook.com\/viatgeaddictes","article_author":"facebook.com\/viatgeaddictes","article_published_time":"2026-04-30T18:13:49+00:00","article_modified_time":"2026-04-30T18:14:02+00:00","og_image":[{"width":1284,"height":768,"url":"https:\/\/www.viatgeaddictes.com\/blog\/wp-content\/uploads\/2026\/04\/airbus-a3650-1000ulr.jpg","type":"image\/jpeg"}],"author":"Viatgeaddictes","twitter_card":"summary_large_image","twitter_creator":"@viatgeaddictes","twitter_site":"@viatgeaddictes","twitter_misc":{"Escrito por":"Viatgeaddictes","Tiempo de lectura":"3 minutos"},"schema":{"@context":"https:\/\/schema.org","@graph":[{"@type":"Article","@id":"https:\/\/www.viatgeaddictes.com\/blog\/2026\/04\/el-vuelo-mas-largo-del-mundo-conectara-sidney-y-londres-en-22-horas-sin-escalas\/#article","isPartOf":{"@id":"https:\/\/www.viatgeaddictes.com\/blog\/2026\/04\/el-vuelo-mas-largo-del-mundo-conectara-sidney-y-londres-en-22-horas-sin-escalas\/"},"author":{"name":"Viatgeaddictes","@id":"https:\/\/www.viatgeaddictes.com\/blog\/#\/schema\/person\/37801c6f1a42b1acccc2262e8b9fb40a"},"headline":"El vuelo m\u00e1s largo del mundo conectar\u00e1 S\u00eddney y Londres en 22 horas sin escalas","datePublished":"2026-04-30T18:13:49+00:00","dateModified":"2026-04-30T18:14:02+00:00","mainEntityOfPage":{"@id":"https:\/\/www.viatgeaddictes.com\/blog\/2026\/04\/el-vuelo-mas-largo-del-mundo-conectara-sidney-y-londres-en-22-horas-sin-escalas\/"},"wordCount":602,"commentCount":0,"publisher":{"@id":"https:\/\/www.viatgeaddictes.com\/blog\/#\/schema\/person\/37801c6f1a42b1acccc2262e8b9fb40a"},"image":{"@id":"https:\/\/www.viatgeaddictes.com\/blog\/2026\/04\/el-vuelo-mas-largo-del-mundo-conectara-sidney-y-londres-en-22-horas-sin-escalas\/#primaryimage"},"thumbnailUrl":"https:\/\/www.viatgeaddictes.com\/blog\/wp-content\/uploads\/2026\/04\/airbus-a3650-1000ulr-1024x612.jpg","keywords":["Australia","EE.UU.","Reino Unido"],"articleSection":["Aviones","Compa\u00f1\u00edas a\u00e9reas","Rutas","Vuelos"],"inLanguage":"es","potentialAction":[{"@type":"CommentAction","name":"Comment","target":["https:\/\/www.viatgeaddictes.com\/blog\/2026\/04\/el-vuelo-mas-largo-del-mundo-conectara-sidney-y-londres-en-22-horas-sin-escalas\/#respond"]}]},{"@type":"WebPage","@id":"https:\/\/www.viatgeaddictes.com\/blog\/2026\/04\/el-vuelo-mas-largo-del-mundo-conectara-sidney-y-londres-en-22-horas-sin-escalas\/","url":"https:\/\/www.viatgeaddictes.com\/blog\/2026\/04\/el-vuelo-mas-largo-del-mundo-conectara-sidney-y-londres-en-22-horas-sin-escalas\/","name":"El vuelo m\u00e1s largo del mundo conectar\u00e1 S\u00eddney y Londres en 22 horas sin escalas","isPartOf":{"@id":"https:\/\/www.viatgeaddictes.com\/blog\/#website"},"primaryImageOfPage":{"@id":"https:\/\/www.viatgeaddictes.com\/blog\/2026\/04\/el-vuelo-mas-largo-del-mundo-conectara-sidney-y-londres-en-22-horas-sin-escalas\/#primaryimage"},"image":{"@id":"https:\/\/www.viatgeaddictes.com\/blog\/2026\/04\/el-vuelo-mas-largo-del-mundo-conectara-sidney-y-londres-en-22-horas-sin-escalas\/#primaryimage"},"thumbnailUrl":"https:\/\/www.viatgeaddictes.com\/blog\/wp-content\/uploads\/2026\/04\/airbus-a3650-1000ulr-1024x612.jpg","datePublished":"2026-04-30T18:13:49+00:00","dateModified":"2026-04-30T18:14:02+00:00","description":"La aerol\u00ednea australiana ha anunciado para 2027 el lanzamiento del vuelo comercial m\u00e1s largo del mundo, apostando as\u00ed por los vuelos de larga distancia.","breadcrumb":{"@id":"https:\/\/www.viatgeaddictes.com\/blog\/2026\/04\/el-vuelo-mas-largo-del-mundo-conectara-sidney-y-londres-en-22-horas-sin-escalas\/#breadcrumb"},"inLanguage":"es","potentialAction":[{"@type":"ReadAction","target":["https:\/\/www.viatgeaddictes.com\/blog\/2026\/04\/el-vuelo-mas-largo-del-mundo-conectara-sidney-y-londres-en-22-horas-sin-escalas\/"]}]},{"@type":"ImageObject","inLanguage":"es","@id":"https:\/\/www.viatgeaddictes.com\/blog\/2026\/04\/el-vuelo-mas-largo-del-mundo-conectara-sidney-y-londres-en-22-horas-sin-escalas\/#primaryimage","url":"https:\/\/www.viatgeaddictes.com\/blog\/wp-content\/uploads\/2026\/04\/airbus-a3650-1000ulr.jpg","contentUrl":"https:\/\/www.viatgeaddictes.com\/blog\/wp-content\/uploads\/2026\/04\/airbus-a3650-1000ulr.jpg","width":1284,"height":768},{"@type":"BreadcrumbList","@id":"https:\/\/www.viatgeaddictes.com\/blog\/2026\/04\/el-vuelo-mas-largo-del-mundo-conectara-sidney-y-londres-en-22-horas-sin-escalas\/#breadcrumb","itemListElement":[{"@type":"ListItem","position":1,"name":"Inici","item":"https:\/\/www.viatgeaddictes.com\/blog\/"},{"@type":"ListItem","position":2,"name":"El vuelo m\u00e1s largo del mundo conectar\u00e1 S\u00eddney y Londres en 22 horas sin escalas"}]},{"@type":"WebSite","@id":"https:\/\/www.viatgeaddictes.com\/blog\/#website","url":"https:\/\/www.viatgeaddictes.com\/blog\/","name":"Viatgeaddictes - Blog de noticias de viajes y turismo","description":"Viatgeaddictes.com, recursos para el viajero independiente","publisher":{"@id":"https:\/\/www.viatgeaddictes.com\/blog\/#\/schema\/person\/37801c6f1a42b1acccc2262e8b9fb40a"},"potentialAction":[{"@type":"SearchAction","target":{"@type":"EntryPoint","urlTemplate":"https:\/\/www.viatgeaddictes.com\/blog\/?s={search_term_string}"},"query-input":{"@type":"PropertyValueSpecification","valueRequired":true,"valueName":"search_term_string"}}],"inLanguage":"es"},{"@type":["Person","Organization"],"@id":"https:\/\/www.viatgeaddictes.com\/blog\/#\/schema\/person\/37801c6f1a42b1acccc2262e8b9fb40a","name":"Viatgeaddictes","image":{"@type":"ImageObject","inLanguage":"es","@id":"https:\/\/secure.gravatar.com\/avatar\/8e539e3957a5de243b927337e71f118ed9f49b85e9cc445b9cb8ac83700f32c6?s=96&d=identicon&r=g","url":"https:\/\/secure.gravatar.com\/avatar\/8e539e3957a5de243b927337e71f118ed9f49b85e9cc445b9cb8ac83700f32c6?s=96&d=identicon&r=g","contentUrl":"https:\/\/secure.gravatar.com\/avatar\/8e539e3957a5de243b927337e71f118ed9f49b85e9cc445b9cb8ac83700f32c6?s=96&d=identicon&r=g","caption":"Viatgeaddictes"},"logo":{"@id":"https:\/\/secure.gravatar.com\/avatar\/8e539e3957a5de243b927337e71f118ed9f49b85e9cc445b9cb8ac83700f32c6?s=96&d=identicon&r=g"},"sameAs":["https:\/\/www.viatgeaddictes.com","facebook.com\/viatgeaddictes","instagram.com\/viatgeaddictes","https:\/\/x.com\/viatgeaddictes","youtube.com\/viatgeaddictes"],"url":"https:\/\/www.viatgeaddictes.com\/blog\/author\/viatgeaddictes\/"}]}},"jetpack_featured_media_url":"","jetpack_sharing_enabled":true,"jetpack_likes_enabled":true,"_links":{"self":[{"href":"https:\/\/www.viatgeaddictes.com\/blog\/wp-json\/wp\/v2\/posts\/101654","targetHints":{"allow":["GET"]}}],"collection":[{"href":"https:\/\/www.viatgeaddictes.com\/blog\/wp-json\/wp\/v2\/posts"}],"about":[{"href":"https:\/\/www.viatgeaddictes.com\/blog\/wp-json\/wp\/v2\/types\/post"}],"author":[{"embeddable":true,"href":"https:\/\/www.viatgeaddictes.com\/blog\/wp-json\/wp\/v2\/users\/2"}],"replies":[{"embeddable":true,"href":"https:\/\/www.viatgeaddictes.com\/blog\/wp-json\/wp\/v2\/comments?post=101654"}],"version-history":[{"count":2,"href":"https:\/\/www.viatgeaddictes.com\/blog\/wp-json\/wp\/v2\/posts\/101654\/revisions"}],"predecessor-version":[{"id":101669,"href":"https:\/\/www.viatgeaddictes.com\/blog\/wp-json\/wp\/v2\/posts\/101654\/revisions\/101669"}],"wp:attachment":[{"href":"https:\/\/www.viatgeaddictes.com\/blog\/wp-json\/wp\/v2\/media?parent=101654"}],"wp:term":[{"taxonomy":"category","embeddable":true,"href":"https:\/\/www.viatgeaddictes.com\/blog\/wp-json\/wp\/v2\/categories?post=101654"},{"taxonomy":"post_tag","embeddable":true,"href":"https:\/\/www.viatgeaddictes.com\/blog\/wp-json\/wp\/v2\/tags?post=101654"}],"curies":[{"name":"wp","href":"https:\/\/api.w.org\/{rel}","templated":true}]}}