{"id":101437,"date":"2022-05-16T19:30:00","date_gmt":"2022-05-16T17:30:00","guid":{"rendered":"https:\/\/www.viatgeaddictes.com\/blog\/?p=101437"},"modified":"2022-05-16T14:17:49","modified_gmt":"2022-05-16T12:17:49","slug":"myanmar-reanuda-la-emision-de-visados-de-viaje-internacionales","status":"publish","type":"post","link":"https:\/\/www.viatgeaddictes.com\/blog\/2022\/05\/myanmar-reanuda-la-emision-de-visados-de-viaje-internacionales\/","title":{"rendered":"Myanmar reanuda la emisi\u00f3n de visados de viaje internacionales"},"content":{"rendered":"\n<p>Las autoridades gubernamentales de <a href=\"https:\/\/www.viatgeaddictes.com\/es\/viatges\/asia\/#MM\"><strong>Myanmar<\/strong><\/a> han anunciado que, con fecha 15 de mayo, reemprenden la <strong>emisi\u00f3n de visados electr\u00f3nicos a viajeros internacionales<\/strong> que quieran visitar el pa\u00eds asi\u00e1tico.<\/p>\n\n\n\n<figure class=\"wp-block-image size-full is-resized\"><a href=\"https:\/\/www.viatgeaddictes.com\/blog\/wp-content\/uploads\/2022\/05\/myanmar95f18.jpg\"><img loading=\"lazy\" decoding=\"async\" src=\"https:\/\/www.viatgeaddictes.com\/blog\/wp-content\/uploads\/2022\/05\/myanmar95f18.jpg\" alt=\"Entrada a la pagoda Shwedagon (Yangon, Myanmar)\" class=\"wp-image-101438\" width=\"850\" height=\"549\" title=\"Entrada a la pagoda Shwedagon (Yangon, Myanmar)\"\/><\/a><figcaption>Entrada a la pagoda Shwedagon (Yangon, Myanmar)<\/figcaption><\/figure>\n\n\n\n<!--more-->\n\n\n\n<p>Con ello, se pretende ayudar a la maltrecha industria tur\u00edstica del pa\u00eds, la cual ha sido devastada por la pandemia de coronavirus.<\/p>\n\n\n\n<p>Seg\u00fan la agencia de noticias <em>Associated Press<\/em>, los funcionarios del gobierno de Myanmar revelaron que comenzar\u00edan a emitir <a href=\"https:\/\/evisa.moip.gov.mm\/\" target=\"_blank\" rel=\"noreferrer noopener nofollow\">visados de turista eVisa<\/a> a partir del 15 de mayo. Este tipo de visado se puede solicitar en l\u00ednea.<\/p>\n\n\n\n<p>La decisi\u00f3n de reanudar la expedici\u00f3n de visados de turista se produce despu\u00e9s de que <strong>Myanmar <\/strong>volviera a recibir vuelos comerciales internacionales el pasado 17 de abril, tras muchos meses suspendidos a causa de la pandemia global de COVID-19.<\/p>\n\n\n\n<p>Para presentar la solicitud de visado <strong>eVisa<\/strong>, los viajeros deber\u00e1n mostrar un comprobante de vacunaci\u00f3n contra el COVID-19, as\u00ed como resultados negativos de una prueba PCR realizada antes de su vuelo y una p\u00f3liza de seguro de viaje aplicable. A su llegada al pa\u00eds, los viajeros internacionales deber\u00e1n realizarse una prueba r\u00e1pida de test de ant\u00edgenos.<\/p>\n\n\n\n<p>De este modo, <strong>Myanmar <\/strong>est\u00e1 siguiendo la estela de la mayor\u00eda de pa\u00edses del sudeste asi\u00e1tico, los cuales ya han reabierto sus fronteras al turismo internacional.<\/p>\n\n\n\n<p>Antes del inicio de la pandemia de COVID-19, Myanmar recibi\u00f3 en 2019  unos 4&#8217;36 millones de visitantes internacionales, pero a principios de 2020 el pa\u00eds cerr\u00f3 sus fronteras al turismo internacional debido al aumento de infecciones.<\/p>\n\n\n\n<p>A pesar de ello, varios pa\u00edses, entre ellos Estados Unidos, alertan sobre la inestabilidad pol\u00edtica de Myanmar debido a la posiblidad de disturbios civiles y conflictos armados en ciertas \u00e1reas del pa\u00eds.<\/p>\n\n\n\n<p>Y es que en los \u00faltimos a\u00f1os en Myanmar son frecuentes los enfrentamientos entre el gobierno, actualmente dirigido por militares, y grupos de la resistencia u opositores al gobierno.<\/p>\n","protected":false},"excerpt":{"rendered":"<p>Las autoridades gubernamentales de Myanmar han anunciado que, con fecha 15 de mayo, reemprenden la emisi\u00f3n de visados electr\u00f3nicos a viajeros internacionales que quieran visitar el pa\u00eds asi\u00e1tico.<\/p>\n","protected":false},"author":2,"featured_media":0,"comment_status":"open","ping_status":"open","sticky":false,"template":"","format":"standard","meta":{"_jetpack_memberships_contains_paid_content":false,"footnotes":""},"categories":[191,149,1,29],"tags":[8,197],"class_list":["post-101437","post","type-post","status-publish","format-standard","hentry","category-covid-19","category-fronteras","category-uncategorized","category-visados","tag-asia","tag-myanmar"],"yoast_head":"<!-- This site is optimized with the Yoast SEO plugin v27.5 - https:\/\/yoast.com\/product\/yoast-seo-wordpress\/ -->\n<title>Myanmar reanuda la emisi\u00f3n de visados de viaje internacionales<\/title>\n<meta name=\"description\" content=\"Las autoridades gubernamentales de Myanmar han anunciado que, con fecha 15 de mayo, reemprenden la emisi\u00f3n de visados electr\u00f3nicos a viajeros\" \/>\n<meta name=\"robots\" content=\"index, follow, max-snippet:-1, max-image-preview:large, max-video-preview:-1\" \/>\n<link rel=\"canonical\" href=\"https:\/\/www.viatgeaddictes.com\/blog\/2022\/05\/myanmar-reanuda-la-emision-de-visados-de-viaje-internacionales\/\" \/>\n<meta property=\"og:locale\" content=\"es_ES\" \/>\n<meta property=\"og:type\" content=\"article\" \/>\n<meta property=\"og:title\" content=\"Myanmar reanuda la emisi\u00f3n de visados de viaje internacionales\" \/>\n<meta property=\"og:description\" content=\"Las autoridades gubernamentales de Myanmar han anunciado que, con fecha 15 de mayo, reemprenden la emisi\u00f3n de visados electr\u00f3nicos a viajeros\" \/>\n<meta property=\"og:url\" content=\"https:\/\/www.viatgeaddictes.com\/blog\/2022\/05\/myanmar-reanuda-la-emision-de-visados-de-viaje-internacionales\/\" \/>\n<meta property=\"og:site_name\" content=\"Blog de noticias de viajes y turismo\" \/>\n<meta property=\"article:publisher\" content=\"facebook.com\/viatgeaddictes\" \/>\n<meta property=\"article:author\" content=\"facebook.com\/viatgeaddictes\" \/>\n<meta property=\"article:published_time\" content=\"2022-05-16T17:30:00+00:00\" \/>\n<meta property=\"og:image\" content=\"https:\/\/www.viatgeaddictes.com\/blog\/wp-content\/uploads\/2022\/05\/myanmar95f18.jpg\" \/>\n<meta name=\"author\" content=\"Viatgeaddictes\" \/>\n<meta name=\"twitter:card\" content=\"summary_large_image\" \/>\n<meta name=\"twitter:creator\" content=\"@viatgeaddictes\" \/>\n<meta name=\"twitter:site\" content=\"@viatgeaddictes\" \/>\n<meta name=\"twitter:label1\" content=\"Escrito por\" \/>\n\t<meta name=\"twitter:data1\" content=\"Viatgeaddictes\" \/>\n\t<meta name=\"twitter:label2\" content=\"Tiempo de lectura\" \/>\n\t<meta name=\"twitter:data2\" content=\"2 minutos\" \/>\n<script type=\"application\/ld+json\" class=\"yoast-schema-graph\">{\"@context\":\"https:\\\/\\\/schema.org\",\"@graph\":[{\"@type\":\"Article\",\"@id\":\"https:\\\/\\\/www.viatgeaddictes.com\\\/blog\\\/2022\\\/05\\\/myanmar-reanuda-la-emision-de-visados-de-viaje-internacionales\\\/#article\",\"isPartOf\":{\"@id\":\"https:\\\/\\\/www.viatgeaddictes.com\\\/blog\\\/2022\\\/05\\\/myanmar-reanuda-la-emision-de-visados-de-viaje-internacionales\\\/\"},\"author\":{\"name\":\"Viatgeaddictes\",\"@id\":\"https:\\\/\\\/www.viatgeaddictes.com\\\/blog\\\/#\\\/schema\\\/person\\\/37801c6f1a42b1acccc2262e8b9fb40a\"},\"headline\":\"Myanmar reanuda la emisi\u00f3n de visados de viaje internacionales\",\"datePublished\":\"2022-05-16T17:30:00+00:00\",\"mainEntityOfPage\":{\"@id\":\"https:\\\/\\\/www.viatgeaddictes.com\\\/blog\\\/2022\\\/05\\\/myanmar-reanuda-la-emision-de-visados-de-viaje-internacionales\\\/\"},\"wordCount\":343,\"commentCount\":0,\"publisher\":{\"@id\":\"https:\\\/\\\/www.viatgeaddictes.com\\\/blog\\\/#\\\/schema\\\/person\\\/37801c6f1a42b1acccc2262e8b9fb40a\"},\"image\":{\"@id\":\"https:\\\/\\\/www.viatgeaddictes.com\\\/blog\\\/2022\\\/05\\\/myanmar-reanuda-la-emision-de-visados-de-viaje-internacionales\\\/#primaryimage\"},\"thumbnailUrl\":\"https:\\\/\\\/www.viatgeaddictes.com\\\/blog\\\/wp-content\\\/uploads\\\/2022\\\/05\\\/myanmar95f18.jpg\",\"keywords\":[\"Asia\",\"Myanmar\"],\"articleSection\":[\"Covid-19\",\"Fronteras\",\"Sin clasificar\",\"Visados\"],\"inLanguage\":\"es\",\"potentialAction\":[{\"@type\":\"CommentAction\",\"name\":\"Comment\",\"target\":[\"https:\\\/\\\/www.viatgeaddictes.com\\\/blog\\\/2022\\\/05\\\/myanmar-reanuda-la-emision-de-visados-de-viaje-internacionales\\\/#respond\"]}]},{\"@type\":\"WebPage\",\"@id\":\"https:\\\/\\\/www.viatgeaddictes.com\\\/blog\\\/2022\\\/05\\\/myanmar-reanuda-la-emision-de-visados-de-viaje-internacionales\\\/\",\"url\":\"https:\\\/\\\/www.viatgeaddictes.com\\\/blog\\\/2022\\\/05\\\/myanmar-reanuda-la-emision-de-visados-de-viaje-internacionales\\\/\",\"name\":\"Myanmar reanuda la emisi\u00f3n de visados de viaje internacionales\",\"isPartOf\":{\"@id\":\"https:\\\/\\\/www.viatgeaddictes.com\\\/blog\\\/#website\"},\"primaryImageOfPage\":{\"@id\":\"https:\\\/\\\/www.viatgeaddictes.com\\\/blog\\\/2022\\\/05\\\/myanmar-reanuda-la-emision-de-visados-de-viaje-internacionales\\\/#primaryimage\"},\"image\":{\"@id\":\"https:\\\/\\\/www.viatgeaddictes.com\\\/blog\\\/2022\\\/05\\\/myanmar-reanuda-la-emision-de-visados-de-viaje-internacionales\\\/#primaryimage\"},\"thumbnailUrl\":\"https:\\\/\\\/www.viatgeaddictes.com\\\/blog\\\/wp-content\\\/uploads\\\/2022\\\/05\\\/myanmar95f18.jpg\",\"datePublished\":\"2022-05-16T17:30:00+00:00\",\"description\":\"Las autoridades gubernamentales de Myanmar han anunciado que, con fecha 15 de mayo, reemprenden la emisi\u00f3n de visados electr\u00f3nicos a viajeros\",\"breadcrumb\":{\"@id\":\"https:\\\/\\\/www.viatgeaddictes.com\\\/blog\\\/2022\\\/05\\\/myanmar-reanuda-la-emision-de-visados-de-viaje-internacionales\\\/#breadcrumb\"},\"inLanguage\":\"es\",\"potentialAction\":[{\"@type\":\"ReadAction\",\"target\":[\"https:\\\/\\\/www.viatgeaddictes.com\\\/blog\\\/2022\\\/05\\\/myanmar-reanuda-la-emision-de-visados-de-viaje-internacionales\\\/\"]}]},{\"@type\":\"ImageObject\",\"inLanguage\":\"es\",\"@id\":\"https:\\\/\\\/www.viatgeaddictes.com\\\/blog\\\/2022\\\/05\\\/myanmar-reanuda-la-emision-de-visados-de-viaje-internacionales\\\/#primaryimage\",\"url\":\"https:\\\/\\\/www.viatgeaddictes.com\\\/blog\\\/wp-content\\\/uploads\\\/2022\\\/05\\\/myanmar95f18.jpg\",\"contentUrl\":\"https:\\\/\\\/www.viatgeaddictes.com\\\/blog\\\/wp-content\\\/uploads\\\/2022\\\/05\\\/myanmar95f18.jpg\",\"width\":850,\"height\":552},{\"@type\":\"BreadcrumbList\",\"@id\":\"https:\\\/\\\/www.viatgeaddictes.com\\\/blog\\\/2022\\\/05\\\/myanmar-reanuda-la-emision-de-visados-de-viaje-internacionales\\\/#breadcrumb\",\"itemListElement\":[{\"@type\":\"ListItem\",\"position\":1,\"name\":\"Inici\",\"item\":\"https:\\\/\\\/www.viatgeaddictes.com\\\/blog\\\/\"},{\"@type\":\"ListItem\",\"position\":2,\"name\":\"Myanmar reanuda la emisi\u00f3n de visados de viaje internacionales\"}]},{\"@type\":\"WebSite\",\"@id\":\"https:\\\/\\\/www.viatgeaddictes.com\\\/blog\\\/#website\",\"url\":\"https:\\\/\\\/www.viatgeaddictes.com\\\/blog\\\/\",\"name\":\"Viatgeaddictes - Blog de noticias de viajes y turismo\",\"description\":\"Viatgeaddictes.com, recursos para el viajero independiente\",\"publisher\":{\"@id\":\"https:\\\/\\\/www.viatgeaddictes.com\\\/blog\\\/#\\\/schema\\\/person\\\/37801c6f1a42b1acccc2262e8b9fb40a\"},\"potentialAction\":[{\"@type\":\"SearchAction\",\"target\":{\"@type\":\"EntryPoint\",\"urlTemplate\":\"https:\\\/\\\/www.viatgeaddictes.com\\\/blog\\\/?s={search_term_string}\"},\"query-input\":{\"@type\":\"PropertyValueSpecification\",\"valueRequired\":true,\"valueName\":\"search_term_string\"}}],\"inLanguage\":\"es\"},{\"@type\":[\"Person\",\"Organization\"],\"@id\":\"https:\\\/\\\/www.viatgeaddictes.com\\\/blog\\\/#\\\/schema\\\/person\\\/37801c6f1a42b1acccc2262e8b9fb40a\",\"name\":\"Viatgeaddictes\",\"image\":{\"@type\":\"ImageObject\",\"inLanguage\":\"es\",\"@id\":\"https:\\\/\\\/secure.gravatar.com\\\/avatar\\\/8e539e3957a5de243b927337e71f118ed9f49b85e9cc445b9cb8ac83700f32c6?s=96&d=identicon&r=g\",\"url\":\"https:\\\/\\\/secure.gravatar.com\\\/avatar\\\/8e539e3957a5de243b927337e71f118ed9f49b85e9cc445b9cb8ac83700f32c6?s=96&d=identicon&r=g\",\"contentUrl\":\"https:\\\/\\\/secure.gravatar.com\\\/avatar\\\/8e539e3957a5de243b927337e71f118ed9f49b85e9cc445b9cb8ac83700f32c6?s=96&d=identicon&r=g\",\"caption\":\"Viatgeaddictes\"},\"logo\":{\"@id\":\"https:\\\/\\\/secure.gravatar.com\\\/avatar\\\/8e539e3957a5de243b927337e71f118ed9f49b85e9cc445b9cb8ac83700f32c6?s=96&d=identicon&r=g\"},\"sameAs\":[\"https:\\\/\\\/www.viatgeaddictes.com\",\"facebook.com\\\/viatgeaddictes\",\"instagram.com\\\/viatgeaddictes\",\"https:\\\/\\\/x.com\\\/viatgeaddictes\",\"youtube.com\\\/viatgeaddictes\"],\"url\":\"https:\\\/\\\/www.viatgeaddictes.com\\\/blog\\\/author\\\/viatgeaddictes\\\/\"}]}<\/script>\n<!-- \/ Yoast SEO plugin. -->","yoast_head_json":{"title":"Myanmar reanuda la emisi\u00f3n de visados de viaje internacionales","description":"Las autoridades gubernamentales de Myanmar han anunciado que, con fecha 15 de mayo, reemprenden la emisi\u00f3n de visados electr\u00f3nicos a viajeros","robots":{"index":"index","follow":"follow","max-snippet":"max-snippet:-1","max-image-preview":"max-image-preview:large","max-video-preview":"max-video-preview:-1"},"canonical":"https:\/\/www.viatgeaddictes.com\/blog\/2022\/05\/myanmar-reanuda-la-emision-de-visados-de-viaje-internacionales\/","og_locale":"es_ES","og_type":"article","og_title":"Myanmar reanuda la emisi\u00f3n de visados de viaje internacionales","og_description":"Las autoridades gubernamentales de Myanmar han anunciado que, con fecha 15 de mayo, reemprenden la emisi\u00f3n de visados electr\u00f3nicos a viajeros","og_url":"https:\/\/www.viatgeaddictes.com\/blog\/2022\/05\/myanmar-reanuda-la-emision-de-visados-de-viaje-internacionales\/","og_site_name":"Blog de noticias de viajes y turismo","article_publisher":"facebook.com\/viatgeaddictes","article_author":"facebook.com\/viatgeaddictes","article_published_time":"2022-05-16T17:30:00+00:00","og_image":[{"url":"https:\/\/www.viatgeaddictes.com\/blog\/wp-content\/uploads\/2022\/05\/myanmar95f18.jpg","type":"","width":"","height":""}],"author":"Viatgeaddictes","twitter_card":"summary_large_image","twitter_creator":"@viatgeaddictes","twitter_site":"@viatgeaddictes","twitter_misc":{"Escrito por":"Viatgeaddictes","Tiempo de lectura":"2 minutos"},"schema":{"@context":"https:\/\/schema.org","@graph":[{"@type":"Article","@id":"https:\/\/www.viatgeaddictes.com\/blog\/2022\/05\/myanmar-reanuda-la-emision-de-visados-de-viaje-internacionales\/#article","isPartOf":{"@id":"https:\/\/www.viatgeaddictes.com\/blog\/2022\/05\/myanmar-reanuda-la-emision-de-visados-de-viaje-internacionales\/"},"author":{"name":"Viatgeaddictes","@id":"https:\/\/www.viatgeaddictes.com\/blog\/#\/schema\/person\/37801c6f1a42b1acccc2262e8b9fb40a"},"headline":"Myanmar reanuda la emisi\u00f3n de visados de viaje internacionales","datePublished":"2022-05-16T17:30:00+00:00","mainEntityOfPage":{"@id":"https:\/\/www.viatgeaddictes.com\/blog\/2022\/05\/myanmar-reanuda-la-emision-de-visados-de-viaje-internacionales\/"},"wordCount":343,"commentCount":0,"publisher":{"@id":"https:\/\/www.viatgeaddictes.com\/blog\/#\/schema\/person\/37801c6f1a42b1acccc2262e8b9fb40a"},"image":{"@id":"https:\/\/www.viatgeaddictes.com\/blog\/2022\/05\/myanmar-reanuda-la-emision-de-visados-de-viaje-internacionales\/#primaryimage"},"thumbnailUrl":"https:\/\/www.viatgeaddictes.com\/blog\/wp-content\/uploads\/2022\/05\/myanmar95f18.jpg","keywords":["Asia","Myanmar"],"articleSection":["Covid-19","Fronteras","Sin clasificar","Visados"],"inLanguage":"es","potentialAction":[{"@type":"CommentAction","name":"Comment","target":["https:\/\/www.viatgeaddictes.com\/blog\/2022\/05\/myanmar-reanuda-la-emision-de-visados-de-viaje-internacionales\/#respond"]}]},{"@type":"WebPage","@id":"https:\/\/www.viatgeaddictes.com\/blog\/2022\/05\/myanmar-reanuda-la-emision-de-visados-de-viaje-internacionales\/","url":"https:\/\/www.viatgeaddictes.com\/blog\/2022\/05\/myanmar-reanuda-la-emision-de-visados-de-viaje-internacionales\/","name":"Myanmar reanuda la emisi\u00f3n de visados de viaje internacionales","isPartOf":{"@id":"https:\/\/www.viatgeaddictes.com\/blog\/#website"},"primaryImageOfPage":{"@id":"https:\/\/www.viatgeaddictes.com\/blog\/2022\/05\/myanmar-reanuda-la-emision-de-visados-de-viaje-internacionales\/#primaryimage"},"image":{"@id":"https:\/\/www.viatgeaddictes.com\/blog\/2022\/05\/myanmar-reanuda-la-emision-de-visados-de-viaje-internacionales\/#primaryimage"},"thumbnailUrl":"https:\/\/www.viatgeaddictes.com\/blog\/wp-content\/uploads\/2022\/05\/myanmar95f18.jpg","datePublished":"2022-05-16T17:30:00+00:00","description":"Las autoridades gubernamentales de Myanmar han anunciado que, con fecha 15 de mayo, reemprenden la emisi\u00f3n de visados electr\u00f3nicos a viajeros","breadcrumb":{"@id":"https:\/\/www.viatgeaddictes.com\/blog\/2022\/05\/myanmar-reanuda-la-emision-de-visados-de-viaje-internacionales\/#breadcrumb"},"inLanguage":"es","potentialAction":[{"@type":"ReadAction","target":["https:\/\/www.viatgeaddictes.com\/blog\/2022\/05\/myanmar-reanuda-la-emision-de-visados-de-viaje-internacionales\/"]}]},{"@type":"ImageObject","inLanguage":"es","@id":"https:\/\/www.viatgeaddictes.com\/blog\/2022\/05\/myanmar-reanuda-la-emision-de-visados-de-viaje-internacionales\/#primaryimage","url":"https:\/\/www.viatgeaddictes.com\/blog\/wp-content\/uploads\/2022\/05\/myanmar95f18.jpg","contentUrl":"https:\/\/www.viatgeaddictes.com\/blog\/wp-content\/uploads\/2022\/05\/myanmar95f18.jpg","width":850,"height":552},{"@type":"BreadcrumbList","@id":"https:\/\/www.viatgeaddictes.com\/blog\/2022\/05\/myanmar-reanuda-la-emision-de-visados-de-viaje-internacionales\/#breadcrumb","itemListElement":[{"@type":"ListItem","position":1,"name":"Inici","item":"https:\/\/www.viatgeaddictes.com\/blog\/"},{"@type":"ListItem","position":2,"name":"Myanmar reanuda la emisi\u00f3n de visados de viaje internacionales"}]},{"@type":"WebSite","@id":"https:\/\/www.viatgeaddictes.com\/blog\/#website","url":"https:\/\/www.viatgeaddictes.com\/blog\/","name":"Viatgeaddictes - Blog de noticias de viajes y turismo","description":"Viatgeaddictes.com, recursos para el viajero independiente","publisher":{"@id":"https:\/\/www.viatgeaddictes.com\/blog\/#\/schema\/person\/37801c6f1a42b1acccc2262e8b9fb40a"},"potentialAction":[{"@type":"SearchAction","target":{"@type":"EntryPoint","urlTemplate":"https:\/\/www.viatgeaddictes.com\/blog\/?s={search_term_string}"},"query-input":{"@type":"PropertyValueSpecification","valueRequired":true,"valueName":"search_term_string"}}],"inLanguage":"es"},{"@type":["Person","Organization"],"@id":"https:\/\/www.viatgeaddictes.com\/blog\/#\/schema\/person\/37801c6f1a42b1acccc2262e8b9fb40a","name":"Viatgeaddictes","image":{"@type":"ImageObject","inLanguage":"es","@id":"https:\/\/secure.gravatar.com\/avatar\/8e539e3957a5de243b927337e71f118ed9f49b85e9cc445b9cb8ac83700f32c6?s=96&d=identicon&r=g","url":"https:\/\/secure.gravatar.com\/avatar\/8e539e3957a5de243b927337e71f118ed9f49b85e9cc445b9cb8ac83700f32c6?s=96&d=identicon&r=g","contentUrl":"https:\/\/secure.gravatar.com\/avatar\/8e539e3957a5de243b927337e71f118ed9f49b85e9cc445b9cb8ac83700f32c6?s=96&d=identicon&r=g","caption":"Viatgeaddictes"},"logo":{"@id":"https:\/\/secure.gravatar.com\/avatar\/8e539e3957a5de243b927337e71f118ed9f49b85e9cc445b9cb8ac83700f32c6?s=96&d=identicon&r=g"},"sameAs":["https:\/\/www.viatgeaddictes.com","facebook.com\/viatgeaddictes","instagram.com\/viatgeaddictes","https:\/\/x.com\/viatgeaddictes","youtube.com\/viatgeaddictes"],"url":"https:\/\/www.viatgeaddictes.com\/blog\/author\/viatgeaddictes\/"}]}},"jetpack_featured_media_url":"","jetpack_sharing_enabled":true,"jetpack_likes_enabled":true,"_links":{"self":[{"href":"https:\/\/www.viatgeaddictes.com\/blog\/wp-json\/wp\/v2\/posts\/101437","targetHints":{"allow":["GET"]}}],"collection":[{"href":"https:\/\/www.viatgeaddictes.com\/blog\/wp-json\/wp\/v2\/posts"}],"about":[{"href":"https:\/\/www.viatgeaddictes.com\/blog\/wp-json\/wp\/v2\/types\/post"}],"author":[{"embeddable":true,"href":"https:\/\/www.viatgeaddictes.com\/blog\/wp-json\/wp\/v2\/users\/2"}],"replies":[{"embeddable":true,"href":"https:\/\/www.viatgeaddictes.com\/blog\/wp-json\/wp\/v2\/comments?post=101437"}],"version-history":[{"count":0,"href":"https:\/\/www.viatgeaddictes.com\/blog\/wp-json\/wp\/v2\/posts\/101437\/revisions"}],"wp:attachment":[{"href":"https:\/\/www.viatgeaddictes.com\/blog\/wp-json\/wp\/v2\/media?parent=101437"}],"wp:term":[{"taxonomy":"category","embeddable":true,"href":"https:\/\/www.viatgeaddictes.com\/blog\/wp-json\/wp\/v2\/categories?post=101437"},{"taxonomy":"post_tag","embeddable":true,"href":"https:\/\/www.viatgeaddictes.com\/blog\/wp-json\/wp\/v2\/tags?post=101437"}],"curies":[{"name":"wp","href":"https:\/\/api.w.org\/{rel}","templated":true}]}}