{"id":101377,"date":"2021-03-27T12:45:00","date_gmt":"2021-03-27T11:45:00","guid":{"rendered":"https:\/\/www.viatgeaddictes.com\/blog\/?p=101377"},"modified":"2022-05-16T11:56:55","modified_gmt":"2022-05-16T09:56:55","slug":"la-justicia-europea-dictamina-que-los-pasajeros-afectados-por-una-huelga-de-trabajadores-de-una-aerolinea-pueden-reclamar-una-compensacion","status":"publish","type":"post","link":"https:\/\/www.viatgeaddictes.com\/blog\/2021\/03\/la-justicia-europea-dictamina-que-los-pasajeros-afectados-por-una-huelga-de-trabajadores-de-una-aerolinea-pueden-reclamar-una-compensacion\/","title":{"rendered":"La Justicia europea dictamina que los pasajeros afectados por una huelga de trabajadores de una aerol\u00ednea pueden reclamar una  compensaci\u00f3n"},"content":{"rendered":"\n<p>El pasado 23 de marzo de 2021 el <strong>Tribunal de Justicia de la Uni\u00f3n Europea<\/strong> (TJUE) hizo p\u00fablica una sentencia trascendental, confirmando que los pasajeros afectados por una huelga organizada por un sindicato de trabajadores de una compa\u00f1\u00eda a\u00e9rea que tiene como objetivo reivindicar aumentos salariales no entra en el concepto de <em>\u00abcircunstancia extraordinaria\u00bb<\/em> que libere a la aerol\u00ednea de su obligaci\u00f3n de pagar una indemnizaci\u00f3n por cancelaci\u00f3n o por retrasos.<\/p>\n\n\n\n<div class=\"wp-block-image\"><figure class=\"aligncenter size-large is-resized\"><a href=\"https:\/\/www.viatgeaddictes.com\/blog\/wp-content\/uploads\/2021\/04\/retard-vols.jpg\"><img loading=\"lazy\" decoding=\"async\" src=\"https:\/\/www.viatgeaddictes.com\/blog\/wp-content\/uploads\/2021\/04\/retard-vols.jpg\" alt=\"Tabl\u00f3n de salidas de vuelos de un aeropuerto\" class=\"wp-image-101387\" width=\"625\" height=\"330\" title=\"Tabl\u00f3n de salidas de vuelos de un aeropuerto\"\/><\/a><\/figure><\/div>\n\n\n\n<!--more-->\n\n\n\n<p>Esta sentencia del TJUE es el resultado de analizar el caso de un pasajero que hab\u00eda reservado una plaza en un vuelo dom\u00e9stico de <strong>Malm\u00f6 <\/strong>a <strong>Estocolmo <\/strong>(Suecia) operado por la compa\u00f1\u00eda <strong>Scandinavian Airlines<\/strong> (SAS) el 29 de abril de 2019 y cuyo vuelo fue cancelado por una huelga de los pilotos de SAS en Dinamarca, Suecia y Noruega.<\/p>\n\n\n\n<p>Tras el fracaso de las negociaciones, que ten\u00edan como objetivo un nuevo convenio colectivo con la aerol\u00ednea, los sindicatos hab\u00edan convocado a sus afiliados a la huelga. Esa huelga dur\u00f3 siete d\u00edas y provoc\u00f3 que <strong>SAS <\/strong>cancelara varios vuelos, incluido el vuelo reservado por el pasajero en cuesti\u00f3n.<\/p>\n\n\n\n<p><a rel=\"noreferrer noopener\" href=\"https:\/\/compensation.airhelp.com\/affiliate-es\/?utm_medium=affiliate&amp;utm_source=pap&amp;a_aid=viatgeaddictes&amp;a_bid=92878eef\" data-type=\"URL\" data-id=\"https:\/\/compensation.airhelp.com\/affiliate-es\/?utm_medium=affiliate&amp;utm_source=pap&amp;a_aid=viatgeaddictes&amp;a_bid=92878eef\" target=\"_blank\"><strong>Airhelp<\/strong><\/a>, una empresa que gestiona las reclamaciones de pasajeros frente a las compa\u00f1\u00edas a\u00e9reas y que hab\u00eda sido habilitada por el citado pasajero para defender su caso, interpuso un procedimiento ante un tribunal sueco, reclamando a <strong>SAS <\/strong>la indemnizaci\u00f3n prevista por el Reglamento de derechos de los pasajeros a\u00e9reos por cancelaci\u00f3n de un vuelo.<\/p>\n\n\n\n<p>Y es que <strong>SAS <\/strong>se hab\u00eda negado a pagar la indemnizaci\u00f3n por considerar que la huelga de sus pilotos era una <em>\u00abcircunstancia extraordinaria\u00bb<\/em> porque no era inherente al ejercicio normal de su actividad de prestaci\u00f3n de transporte a\u00e9reo y estaba fuera de su control real.<\/p>\n\n\n\n<p>Pero <strong>Airhelp <\/strong>aleg\u00f3vque la huelga no constitu\u00eda una \u00abcircunstancia extraordinaria\u00bb de ese tipo, ya que las acciones colectivas, como las huelgas, que pueden tener lugar cuando se negocian y celebran convenios colectivos, se inscriben en el curso normal de las actividades comerciales de una aerol\u00ednea.<\/p>\n\n\n\n<p>En su sentencia de este martes, el <strong>TJUE <\/strong>declara que la huelga, celebrada por convocatoria de un sindicato del personal de una compa\u00f1\u00eda a\u00e9rea de conformidad con las condiciones establecidas por la legislaci\u00f3n nacional, en particular el plazo de preaviso impuesto por ella, que tiene por objeto hacer valer las demandas de los trabajadores de esa compa\u00f1\u00eda a\u00e9rea y secundada por personal esencial para la explotaci\u00f3n de un vuelo, no entra dentro del concepto de <em>\u00abcircunstancia extraordinaria\u00bb<\/em> en el sentido del reglamento sobre los derechos de los pasajeros a\u00e9reos.<\/p>\n\n\n\n<p>A pesar de que el TJUE ha sentenciado sobre ese caso concreto, como tribunal de m\u00e1s rango en la Uni\u00f3n Europea, esa decisi\u00f3n ahora se aplica a todos los tribunales de la Uni\u00f3n Europea. De este modo se marca el camino para que todos los pasajeros que hayan visto sus vuelos retrasados o cancelados a causa de una huelga puedan presentar una reclamaci\u00f3n para obtener una compensaci\u00f3n.<\/p>\n","protected":false},"excerpt":{"rendered":"<p>El pasado 23 de marzo de 2021 el Tribunal de Justicia de la Uni\u00f3n Europea (TJUE) hizo p\u00fablica una sentencia trascendental, confirmando que los pasajeros afectados por una huelga organizada por un sindicato de trabajadores de una compa\u00f1\u00eda a\u00e9rea que &hellip; <a href=\"https:\/\/www.viatgeaddictes.com\/blog\/2021\/03\/la-justicia-europea-dictamina-que-los-pasajeros-afectados-por-una-huelga-de-trabajadores-de-una-aerolinea-pueden-reclamar-una-compensacion\/\">Sigue leyendo <span class=\"meta-nav\">&rarr;<\/span><\/a><\/p>\n","protected":false},"author":2,"featured_media":0,"comment_status":"open","ping_status":"open","sticky":false,"template":"","format":"standard","meta":{"_jetpack_memberships_contains_paid_content":false,"footnotes":""},"categories":[113,157,47,19],"tags":[195,58],"class_list":["post-101377","post","type-post","status-publish","format-standard","hentry","category-aeropuertos-2","category-companias-aereas-2","category-regulaciones","category-vuelos","tag-tjue","tag-union-europea"],"yoast_head":"<!-- This site is optimized with the Yoast SEO plugin v27.5 - https:\/\/yoast.com\/product\/yoast-seo-wordpress\/ -->\n<title>La Justicia europea dictamina que los pasajeros afectados por una huelga de trabajadores de una aerol\u00ednea pueden reclamar una compensaci\u00f3n<\/title>\n<meta name=\"description\" content=\"El pasado 23 de marzo de 2021 el Tribunal de Justicia de la Uni\u00f3n Europea (TJUE) hizo p\u00fablica una sentencia trascendental, confirmando que los pasajeros\" \/>\n<meta name=\"robots\" content=\"index, follow, max-snippet:-1, max-image-preview:large, max-video-preview:-1\" \/>\n<link rel=\"canonical\" href=\"https:\/\/www.viatgeaddictes.com\/blog\/2021\/03\/la-justicia-europea-dictamina-que-los-pasajeros-afectados-por-una-huelga-de-trabajadores-de-una-aerolinea-pueden-reclamar-una-compensacion\/\" \/>\n<meta property=\"og:locale\" content=\"es_ES\" \/>\n<meta property=\"og:type\" content=\"article\" \/>\n<meta property=\"og:title\" content=\"La Justicia europea dictamina que los pasajeros afectados por una huelga de trabajadores de una aerol\u00ednea pueden reclamar una compensaci\u00f3n\" \/>\n<meta property=\"og:description\" content=\"El pasado 23 de marzo de 2021 el Tribunal de Justicia de la Uni\u00f3n Europea (TJUE) hizo p\u00fablica una sentencia trascendental, confirmando que los pasajeros\" \/>\n<meta property=\"og:url\" content=\"https:\/\/www.viatgeaddictes.com\/blog\/2021\/03\/la-justicia-europea-dictamina-que-los-pasajeros-afectados-por-una-huelga-de-trabajadores-de-una-aerolinea-pueden-reclamar-una-compensacion\/\" \/>\n<meta property=\"og:site_name\" content=\"Blog de noticias de viajes y turismo\" \/>\n<meta property=\"article:publisher\" content=\"facebook.com\/viatgeaddictes\" \/>\n<meta property=\"article:author\" content=\"facebook.com\/viatgeaddictes\" \/>\n<meta property=\"article:published_time\" content=\"2021-03-27T11:45:00+00:00\" \/>\n<meta property=\"article:modified_time\" content=\"2022-05-16T09:56:55+00:00\" \/>\n<meta property=\"og:image\" content=\"https:\/\/www.viatgeaddictes.com\/blog\/wp-content\/uploads\/2021\/04\/retard-vols.jpg\" \/>\n<meta name=\"author\" content=\"Viatgeaddictes\" \/>\n<meta name=\"twitter:card\" content=\"summary_large_image\" \/>\n<meta name=\"twitter:creator\" content=\"@viatgeaddictes\" \/>\n<meta name=\"twitter:site\" content=\"@viatgeaddictes\" \/>\n<meta name=\"twitter:label1\" content=\"Escrito por\" \/>\n\t<meta name=\"twitter:data1\" content=\"Viatgeaddictes\" \/>\n\t<meta name=\"twitter:label2\" content=\"Tiempo de lectura\" \/>\n\t<meta name=\"twitter:data2\" content=\"3 minutos\" \/>\n<script type=\"application\/ld+json\" class=\"yoast-schema-graph\">{\"@context\":\"https:\\\/\\\/schema.org\",\"@graph\":[{\"@type\":\"Article\",\"@id\":\"https:\\\/\\\/www.viatgeaddictes.com\\\/blog\\\/2021\\\/03\\\/la-justicia-europea-dictamina-que-los-pasajeros-afectados-por-una-huelga-de-trabajadores-de-una-aerolinea-pueden-reclamar-una-compensacion\\\/#article\",\"isPartOf\":{\"@id\":\"https:\\\/\\\/www.viatgeaddictes.com\\\/blog\\\/2021\\\/03\\\/la-justicia-europea-dictamina-que-los-pasajeros-afectados-por-una-huelga-de-trabajadores-de-una-aerolinea-pueden-reclamar-una-compensacion\\\/\"},\"author\":{\"name\":\"Viatgeaddictes\",\"@id\":\"https:\\\/\\\/www.viatgeaddictes.com\\\/blog\\\/#\\\/schema\\\/person\\\/37801c6f1a42b1acccc2262e8b9fb40a\"},\"headline\":\"La Justicia europea dictamina que los pasajeros afectados por una huelga de trabajadores de una aerol\u00ednea pueden reclamar una compensaci\u00f3n\",\"datePublished\":\"2021-03-27T11:45:00+00:00\",\"dateModified\":\"2022-05-16T09:56:55+00:00\",\"mainEntityOfPage\":{\"@id\":\"https:\\\/\\\/www.viatgeaddictes.com\\\/blog\\\/2021\\\/03\\\/la-justicia-europea-dictamina-que-los-pasajeros-afectados-por-una-huelga-de-trabajadores-de-una-aerolinea-pueden-reclamar-una-compensacion\\\/\"},\"wordCount\":538,\"commentCount\":0,\"publisher\":{\"@id\":\"https:\\\/\\\/www.viatgeaddictes.com\\\/blog\\\/#\\\/schema\\\/person\\\/37801c6f1a42b1acccc2262e8b9fb40a\"},\"image\":{\"@id\":\"https:\\\/\\\/www.viatgeaddictes.com\\\/blog\\\/2021\\\/03\\\/la-justicia-europea-dictamina-que-los-pasajeros-afectados-por-una-huelga-de-trabajadores-de-una-aerolinea-pueden-reclamar-una-compensacion\\\/#primaryimage\"},\"thumbnailUrl\":\"https:\\\/\\\/www.viatgeaddictes.com\\\/blog\\\/wp-content\\\/uploads\\\/2021\\\/04\\\/retard-vols.jpg\",\"keywords\":[\"TJUE\",\"Uni\u00f3n Europea\"],\"articleSection\":[\"Aeropuertos\",\"Compa\u00f1\u00edas a\u00e9reas\",\"Regulaciones\",\"Vuelos\"],\"inLanguage\":\"es\",\"potentialAction\":[{\"@type\":\"CommentAction\",\"name\":\"Comment\",\"target\":[\"https:\\\/\\\/www.viatgeaddictes.com\\\/blog\\\/2021\\\/03\\\/la-justicia-europea-dictamina-que-los-pasajeros-afectados-por-una-huelga-de-trabajadores-de-una-aerolinea-pueden-reclamar-una-compensacion\\\/#respond\"]}]},{\"@type\":\"WebPage\",\"@id\":\"https:\\\/\\\/www.viatgeaddictes.com\\\/blog\\\/2021\\\/03\\\/la-justicia-europea-dictamina-que-los-pasajeros-afectados-por-una-huelga-de-trabajadores-de-una-aerolinea-pueden-reclamar-una-compensacion\\\/\",\"url\":\"https:\\\/\\\/www.viatgeaddictes.com\\\/blog\\\/2021\\\/03\\\/la-justicia-europea-dictamina-que-los-pasajeros-afectados-por-una-huelga-de-trabajadores-de-una-aerolinea-pueden-reclamar-una-compensacion\\\/\",\"name\":\"La Justicia europea dictamina que los pasajeros afectados por una huelga de trabajadores de una aerol\u00ednea pueden reclamar una compensaci\u00f3n\",\"isPartOf\":{\"@id\":\"https:\\\/\\\/www.viatgeaddictes.com\\\/blog\\\/#website\"},\"primaryImageOfPage\":{\"@id\":\"https:\\\/\\\/www.viatgeaddictes.com\\\/blog\\\/2021\\\/03\\\/la-justicia-europea-dictamina-que-los-pasajeros-afectados-por-una-huelga-de-trabajadores-de-una-aerolinea-pueden-reclamar-una-compensacion\\\/#primaryimage\"},\"image\":{\"@id\":\"https:\\\/\\\/www.viatgeaddictes.com\\\/blog\\\/2021\\\/03\\\/la-justicia-europea-dictamina-que-los-pasajeros-afectados-por-una-huelga-de-trabajadores-de-una-aerolinea-pueden-reclamar-una-compensacion\\\/#primaryimage\"},\"thumbnailUrl\":\"https:\\\/\\\/www.viatgeaddictes.com\\\/blog\\\/wp-content\\\/uploads\\\/2021\\\/04\\\/retard-vols.jpg\",\"datePublished\":\"2021-03-27T11:45:00+00:00\",\"dateModified\":\"2022-05-16T09:56:55+00:00\",\"description\":\"El pasado 23 de marzo de 2021 el Tribunal de Justicia de la Uni\u00f3n Europea (TJUE) hizo p\u00fablica una sentencia trascendental, confirmando que los pasajeros\",\"breadcrumb\":{\"@id\":\"https:\\\/\\\/www.viatgeaddictes.com\\\/blog\\\/2021\\\/03\\\/la-justicia-europea-dictamina-que-los-pasajeros-afectados-por-una-huelga-de-trabajadores-de-una-aerolinea-pueden-reclamar-una-compensacion\\\/#breadcrumb\"},\"inLanguage\":\"es\",\"potentialAction\":[{\"@type\":\"ReadAction\",\"target\":[\"https:\\\/\\\/www.viatgeaddictes.com\\\/blog\\\/2021\\\/03\\\/la-justicia-europea-dictamina-que-los-pasajeros-afectados-por-una-huelga-de-trabajadores-de-una-aerolinea-pueden-reclamar-una-compensacion\\\/\"]}]},{\"@type\":\"ImageObject\",\"inLanguage\":\"es\",\"@id\":\"https:\\\/\\\/www.viatgeaddictes.com\\\/blog\\\/2021\\\/03\\\/la-justicia-europea-dictamina-que-los-pasajeros-afectados-por-una-huelga-de-trabajadores-de-una-aerolinea-pueden-reclamar-una-compensacion\\\/#primaryimage\",\"url\":\"https:\\\/\\\/www.viatgeaddictes.com\\\/blog\\\/wp-content\\\/uploads\\\/2021\\\/04\\\/retard-vols.jpg\",\"contentUrl\":\"https:\\\/\\\/www.viatgeaddictes.com\\\/blog\\\/wp-content\\\/uploads\\\/2021\\\/04\\\/retard-vols.jpg\",\"width\":494,\"height\":265},{\"@type\":\"BreadcrumbList\",\"@id\":\"https:\\\/\\\/www.viatgeaddictes.com\\\/blog\\\/2021\\\/03\\\/la-justicia-europea-dictamina-que-los-pasajeros-afectados-por-una-huelga-de-trabajadores-de-una-aerolinea-pueden-reclamar-una-compensacion\\\/#breadcrumb\",\"itemListElement\":[{\"@type\":\"ListItem\",\"position\":1,\"name\":\"Inici\",\"item\":\"https:\\\/\\\/www.viatgeaddictes.com\\\/blog\\\/\"},{\"@type\":\"ListItem\",\"position\":2,\"name\":\"La Justicia europea dictamina que los pasajeros afectados por una huelga de trabajadores de una aerol\u00ednea pueden reclamar una compensaci\u00f3n\"}]},{\"@type\":\"WebSite\",\"@id\":\"https:\\\/\\\/www.viatgeaddictes.com\\\/blog\\\/#website\",\"url\":\"https:\\\/\\\/www.viatgeaddictes.com\\\/blog\\\/\",\"name\":\"Viatgeaddictes - Blog de noticias de viajes y turismo\",\"description\":\"Viatgeaddictes.com, recursos para el viajero independiente\",\"publisher\":{\"@id\":\"https:\\\/\\\/www.viatgeaddictes.com\\\/blog\\\/#\\\/schema\\\/person\\\/37801c6f1a42b1acccc2262e8b9fb40a\"},\"potentialAction\":[{\"@type\":\"SearchAction\",\"target\":{\"@type\":\"EntryPoint\",\"urlTemplate\":\"https:\\\/\\\/www.viatgeaddictes.com\\\/blog\\\/?s={search_term_string}\"},\"query-input\":{\"@type\":\"PropertyValueSpecification\",\"valueRequired\":true,\"valueName\":\"search_term_string\"}}],\"inLanguage\":\"es\"},{\"@type\":[\"Person\",\"Organization\"],\"@id\":\"https:\\\/\\\/www.viatgeaddictes.com\\\/blog\\\/#\\\/schema\\\/person\\\/37801c6f1a42b1acccc2262e8b9fb40a\",\"name\":\"Viatgeaddictes\",\"image\":{\"@type\":\"ImageObject\",\"inLanguage\":\"es\",\"@id\":\"https:\\\/\\\/secure.gravatar.com\\\/avatar\\\/8e539e3957a5de243b927337e71f118ed9f49b85e9cc445b9cb8ac83700f32c6?s=96&d=identicon&r=g\",\"url\":\"https:\\\/\\\/secure.gravatar.com\\\/avatar\\\/8e539e3957a5de243b927337e71f118ed9f49b85e9cc445b9cb8ac83700f32c6?s=96&d=identicon&r=g\",\"contentUrl\":\"https:\\\/\\\/secure.gravatar.com\\\/avatar\\\/8e539e3957a5de243b927337e71f118ed9f49b85e9cc445b9cb8ac83700f32c6?s=96&d=identicon&r=g\",\"caption\":\"Viatgeaddictes\"},\"logo\":{\"@id\":\"https:\\\/\\\/secure.gravatar.com\\\/avatar\\\/8e539e3957a5de243b927337e71f118ed9f49b85e9cc445b9cb8ac83700f32c6?s=96&d=identicon&r=g\"},\"sameAs\":[\"https:\\\/\\\/www.viatgeaddictes.com\",\"facebook.com\\\/viatgeaddictes\",\"instagram.com\\\/viatgeaddictes\",\"https:\\\/\\\/x.com\\\/viatgeaddictes\",\"youtube.com\\\/viatgeaddictes\"],\"url\":\"https:\\\/\\\/www.viatgeaddictes.com\\\/blog\\\/author\\\/viatgeaddictes\\\/\"}]}<\/script>\n<!-- \/ Yoast SEO plugin. -->","yoast_head_json":{"title":"La Justicia europea dictamina que los pasajeros afectados por una huelga de trabajadores de una aerol\u00ednea pueden reclamar una compensaci\u00f3n","description":"El pasado 23 de marzo de 2021 el Tribunal de Justicia de la Uni\u00f3n Europea (TJUE) hizo p\u00fablica una sentencia trascendental, confirmando que los pasajeros","robots":{"index":"index","follow":"follow","max-snippet":"max-snippet:-1","max-image-preview":"max-image-preview:large","max-video-preview":"max-video-preview:-1"},"canonical":"https:\/\/www.viatgeaddictes.com\/blog\/2021\/03\/la-justicia-europea-dictamina-que-los-pasajeros-afectados-por-una-huelga-de-trabajadores-de-una-aerolinea-pueden-reclamar-una-compensacion\/","og_locale":"es_ES","og_type":"article","og_title":"La Justicia europea dictamina que los pasajeros afectados por una huelga de trabajadores de una aerol\u00ednea pueden reclamar una compensaci\u00f3n","og_description":"El pasado 23 de marzo de 2021 el Tribunal de Justicia de la Uni\u00f3n Europea (TJUE) hizo p\u00fablica una sentencia trascendental, confirmando que los pasajeros","og_url":"https:\/\/www.viatgeaddictes.com\/blog\/2021\/03\/la-justicia-europea-dictamina-que-los-pasajeros-afectados-por-una-huelga-de-trabajadores-de-una-aerolinea-pueden-reclamar-una-compensacion\/","og_site_name":"Blog de noticias de viajes y turismo","article_publisher":"facebook.com\/viatgeaddictes","article_author":"facebook.com\/viatgeaddictes","article_published_time":"2021-03-27T11:45:00+00:00","article_modified_time":"2022-05-16T09:56:55+00:00","og_image":[{"url":"https:\/\/www.viatgeaddictes.com\/blog\/wp-content\/uploads\/2021\/04\/retard-vols.jpg","type":"","width":"","height":""}],"author":"Viatgeaddictes","twitter_card":"summary_large_image","twitter_creator":"@viatgeaddictes","twitter_site":"@viatgeaddictes","twitter_misc":{"Escrito por":"Viatgeaddictes","Tiempo de lectura":"3 minutos"},"schema":{"@context":"https:\/\/schema.org","@graph":[{"@type":"Article","@id":"https:\/\/www.viatgeaddictes.com\/blog\/2021\/03\/la-justicia-europea-dictamina-que-los-pasajeros-afectados-por-una-huelga-de-trabajadores-de-una-aerolinea-pueden-reclamar-una-compensacion\/#article","isPartOf":{"@id":"https:\/\/www.viatgeaddictes.com\/blog\/2021\/03\/la-justicia-europea-dictamina-que-los-pasajeros-afectados-por-una-huelga-de-trabajadores-de-una-aerolinea-pueden-reclamar-una-compensacion\/"},"author":{"name":"Viatgeaddictes","@id":"https:\/\/www.viatgeaddictes.com\/blog\/#\/schema\/person\/37801c6f1a42b1acccc2262e8b9fb40a"},"headline":"La Justicia europea dictamina que los pasajeros afectados por una huelga de trabajadores de una aerol\u00ednea pueden reclamar una compensaci\u00f3n","datePublished":"2021-03-27T11:45:00+00:00","dateModified":"2022-05-16T09:56:55+00:00","mainEntityOfPage":{"@id":"https:\/\/www.viatgeaddictes.com\/blog\/2021\/03\/la-justicia-europea-dictamina-que-los-pasajeros-afectados-por-una-huelga-de-trabajadores-de-una-aerolinea-pueden-reclamar-una-compensacion\/"},"wordCount":538,"commentCount":0,"publisher":{"@id":"https:\/\/www.viatgeaddictes.com\/blog\/#\/schema\/person\/37801c6f1a42b1acccc2262e8b9fb40a"},"image":{"@id":"https:\/\/www.viatgeaddictes.com\/blog\/2021\/03\/la-justicia-europea-dictamina-que-los-pasajeros-afectados-por-una-huelga-de-trabajadores-de-una-aerolinea-pueden-reclamar-una-compensacion\/#primaryimage"},"thumbnailUrl":"https:\/\/www.viatgeaddictes.com\/blog\/wp-content\/uploads\/2021\/04\/retard-vols.jpg","keywords":["TJUE","Uni\u00f3n Europea"],"articleSection":["Aeropuertos","Compa\u00f1\u00edas a\u00e9reas","Regulaciones","Vuelos"],"inLanguage":"es","potentialAction":[{"@type":"CommentAction","name":"Comment","target":["https:\/\/www.viatgeaddictes.com\/blog\/2021\/03\/la-justicia-europea-dictamina-que-los-pasajeros-afectados-por-una-huelga-de-trabajadores-de-una-aerolinea-pueden-reclamar-una-compensacion\/#respond"]}]},{"@type":"WebPage","@id":"https:\/\/www.viatgeaddictes.com\/blog\/2021\/03\/la-justicia-europea-dictamina-que-los-pasajeros-afectados-por-una-huelga-de-trabajadores-de-una-aerolinea-pueden-reclamar-una-compensacion\/","url":"https:\/\/www.viatgeaddictes.com\/blog\/2021\/03\/la-justicia-europea-dictamina-que-los-pasajeros-afectados-por-una-huelga-de-trabajadores-de-una-aerolinea-pueden-reclamar-una-compensacion\/","name":"La Justicia europea dictamina que los pasajeros afectados por una huelga de trabajadores de una aerol\u00ednea pueden reclamar una compensaci\u00f3n","isPartOf":{"@id":"https:\/\/www.viatgeaddictes.com\/blog\/#website"},"primaryImageOfPage":{"@id":"https:\/\/www.viatgeaddictes.com\/blog\/2021\/03\/la-justicia-europea-dictamina-que-los-pasajeros-afectados-por-una-huelga-de-trabajadores-de-una-aerolinea-pueden-reclamar-una-compensacion\/#primaryimage"},"image":{"@id":"https:\/\/www.viatgeaddictes.com\/blog\/2021\/03\/la-justicia-europea-dictamina-que-los-pasajeros-afectados-por-una-huelga-de-trabajadores-de-una-aerolinea-pueden-reclamar-una-compensacion\/#primaryimage"},"thumbnailUrl":"https:\/\/www.viatgeaddictes.com\/blog\/wp-content\/uploads\/2021\/04\/retard-vols.jpg","datePublished":"2021-03-27T11:45:00+00:00","dateModified":"2022-05-16T09:56:55+00:00","description":"El pasado 23 de marzo de 2021 el Tribunal de Justicia de la Uni\u00f3n Europea (TJUE) hizo p\u00fablica una sentencia trascendental, confirmando que los pasajeros","breadcrumb":{"@id":"https:\/\/www.viatgeaddictes.com\/blog\/2021\/03\/la-justicia-europea-dictamina-que-los-pasajeros-afectados-por-una-huelga-de-trabajadores-de-una-aerolinea-pueden-reclamar-una-compensacion\/#breadcrumb"},"inLanguage":"es","potentialAction":[{"@type":"ReadAction","target":["https:\/\/www.viatgeaddictes.com\/blog\/2021\/03\/la-justicia-europea-dictamina-que-los-pasajeros-afectados-por-una-huelga-de-trabajadores-de-una-aerolinea-pueden-reclamar-una-compensacion\/"]}]},{"@type":"ImageObject","inLanguage":"es","@id":"https:\/\/www.viatgeaddictes.com\/blog\/2021\/03\/la-justicia-europea-dictamina-que-los-pasajeros-afectados-por-una-huelga-de-trabajadores-de-una-aerolinea-pueden-reclamar-una-compensacion\/#primaryimage","url":"https:\/\/www.viatgeaddictes.com\/blog\/wp-content\/uploads\/2021\/04\/retard-vols.jpg","contentUrl":"https:\/\/www.viatgeaddictes.com\/blog\/wp-content\/uploads\/2021\/04\/retard-vols.jpg","width":494,"height":265},{"@type":"BreadcrumbList","@id":"https:\/\/www.viatgeaddictes.com\/blog\/2021\/03\/la-justicia-europea-dictamina-que-los-pasajeros-afectados-por-una-huelga-de-trabajadores-de-una-aerolinea-pueden-reclamar-una-compensacion\/#breadcrumb","itemListElement":[{"@type":"ListItem","position":1,"name":"Inici","item":"https:\/\/www.viatgeaddictes.com\/blog\/"},{"@type":"ListItem","position":2,"name":"La Justicia europea dictamina que los pasajeros afectados por una huelga de trabajadores de una aerol\u00ednea pueden reclamar una compensaci\u00f3n"}]},{"@type":"WebSite","@id":"https:\/\/www.viatgeaddictes.com\/blog\/#website","url":"https:\/\/www.viatgeaddictes.com\/blog\/","name":"Viatgeaddictes - Blog de noticias de viajes y turismo","description":"Viatgeaddictes.com, recursos para el viajero independiente","publisher":{"@id":"https:\/\/www.viatgeaddictes.com\/blog\/#\/schema\/person\/37801c6f1a42b1acccc2262e8b9fb40a"},"potentialAction":[{"@type":"SearchAction","target":{"@type":"EntryPoint","urlTemplate":"https:\/\/www.viatgeaddictes.com\/blog\/?s={search_term_string}"},"query-input":{"@type":"PropertyValueSpecification","valueRequired":true,"valueName":"search_term_string"}}],"inLanguage":"es"},{"@type":["Person","Organization"],"@id":"https:\/\/www.viatgeaddictes.com\/blog\/#\/schema\/person\/37801c6f1a42b1acccc2262e8b9fb40a","name":"Viatgeaddictes","image":{"@type":"ImageObject","inLanguage":"es","@id":"https:\/\/secure.gravatar.com\/avatar\/8e539e3957a5de243b927337e71f118ed9f49b85e9cc445b9cb8ac83700f32c6?s=96&d=identicon&r=g","url":"https:\/\/secure.gravatar.com\/avatar\/8e539e3957a5de243b927337e71f118ed9f49b85e9cc445b9cb8ac83700f32c6?s=96&d=identicon&r=g","contentUrl":"https:\/\/secure.gravatar.com\/avatar\/8e539e3957a5de243b927337e71f118ed9f49b85e9cc445b9cb8ac83700f32c6?s=96&d=identicon&r=g","caption":"Viatgeaddictes"},"logo":{"@id":"https:\/\/secure.gravatar.com\/avatar\/8e539e3957a5de243b927337e71f118ed9f49b85e9cc445b9cb8ac83700f32c6?s=96&d=identicon&r=g"},"sameAs":["https:\/\/www.viatgeaddictes.com","facebook.com\/viatgeaddictes","instagram.com\/viatgeaddictes","https:\/\/x.com\/viatgeaddictes","youtube.com\/viatgeaddictes"],"url":"https:\/\/www.viatgeaddictes.com\/blog\/author\/viatgeaddictes\/"}]}},"jetpack_featured_media_url":"","jetpack_sharing_enabled":true,"jetpack_likes_enabled":true,"_links":{"self":[{"href":"https:\/\/www.viatgeaddictes.com\/blog\/wp-json\/wp\/v2\/posts\/101377","targetHints":{"allow":["GET"]}}],"collection":[{"href":"https:\/\/www.viatgeaddictes.com\/blog\/wp-json\/wp\/v2\/posts"}],"about":[{"href":"https:\/\/www.viatgeaddictes.com\/blog\/wp-json\/wp\/v2\/types\/post"}],"author":[{"embeddable":true,"href":"https:\/\/www.viatgeaddictes.com\/blog\/wp-json\/wp\/v2\/users\/2"}],"replies":[{"embeddable":true,"href":"https:\/\/www.viatgeaddictes.com\/blog\/wp-json\/wp\/v2\/comments?post=101377"}],"version-history":[{"count":0,"href":"https:\/\/www.viatgeaddictes.com\/blog\/wp-json\/wp\/v2\/posts\/101377\/revisions"}],"wp:attachment":[{"href":"https:\/\/www.viatgeaddictes.com\/blog\/wp-json\/wp\/v2\/media?parent=101377"}],"wp:term":[{"taxonomy":"category","embeddable":true,"href":"https:\/\/www.viatgeaddictes.com\/blog\/wp-json\/wp\/v2\/categories?post=101377"},{"taxonomy":"post_tag","embeddable":true,"href":"https:\/\/www.viatgeaddictes.com\/blog\/wp-json\/wp\/v2\/tags?post=101377"}],"curies":[{"name":"wp","href":"https:\/\/api.w.org\/{rel}","templated":true}]}}