{"id":100990,"date":"2016-04-20T14:44:32","date_gmt":"2016-04-20T12:44:32","guid":{"rendered":"http:\/\/www.viatgeaddictes.com\/blog\/?p=990"},"modified":"2017-02-08T20:23:35","modified_gmt":"2017-02-08T18:23:35","slug":"union-europea-el-parlamento-europeo-aprueba-la-directiva-sobre-registro-de-datos-de-pasajeros","status":"publish","type":"post","link":"https:\/\/www.viatgeaddictes.com\/blog\/2016\/04\/union-europea-el-parlamento-europeo-aprueba-la-directiva-sobre-registro-de-datos-de-pasajeros\/","title":{"rendered":"UNI\u00d3N EUROPEA &#8211; El Parlamento europeo aprueba la directiva sobre registro de datos de pasajeros"},"content":{"rendered":"<p><img loading=\"lazy\" decoding=\"async\" src=\"http:\/\/www.viatgeaddictes.com\/blog\/wp-content\/uploads\/2014\/11\/iconaAeroport.png\" alt=\"Vuelos UE\" width=\"128\" height=\"128\" class=\"alignleft size-full wp-image-834\" \/>El Parlamento europeo aprob\u00f3 a mediados de abril la nueva directiva que regula el uso del <strong>registro de datos de pasajeros<\/strong> (<strong>PNR<\/strong>, o <em>Passenger Name Record<\/em> por sus siglas en ingl\u00e9s) a\u00e9reos para la prevenci\u00f3n, detecci\u00f3n, investigaci\u00f3n y enjuiciamiento de delitos terroristas y otros delitos graves.<\/p>\n<p>La norma obligar\u00e1 a las aerol\u00edneas a entregar a las autoridades nacionales los datos de los pasajeros de todos los vuelos llegados a la Uni\u00f3n Europea desde terceros pa\u00edses y viceversa.<\/p>\n<p>Pero este registro europeo de datos de pasajeros de transporte a\u00e9reo plantea serias dudas sobre el respeto a la privacidad de los ciudadanos a la hora de tomar un avi\u00f3n.<\/p>\n<p>El <strong>PNR <\/strong>es la informaci\u00f3n que dan los pasajeros y recogen las aerol\u00edneas durante el proceso de reserva. Son 19 datos que las aerol\u00edneas estar\u00e1n obligadas a transmitir.<br \/>\n<!--more--><br \/>\nAdem\u00e1s del nombre, la direcci\u00f3n del pasajero y las fechas del viaje, tambi\u00e9n se almacenar\u00e1 el itinerario, el n\u00famero de maletas que transporta, la informaci\u00f3n del pago del billete, el asiento asignado, si viaja solo o acompa\u00f1ado, si hace escalas, agencia de viajes e incluso la direcci\u00f3n IP en caso de hacer la reserva por internet. La directiva proh\u00edbe el tratamiento de datos personales que revelen la lengua, religi\u00f3n, opini\u00f3n pol\u00edtica, salud, color de piel, sexo o la orientaci\u00f3n sexual de las personas.<\/p>\n<p>Estos datos solo podr\u00e1n ser utilizados por motivos de \u201cprevenci\u00f3n, detenci\u00f3n, investigaci\u00f3n y persecuci\u00f3n de delitos terroristas y determinados cr\u00edmenes transnacionales graves\u201d. Estos quedan definidos en un listado en el que se incluyen el tr\u00e1fico de seres humanos y el comercio de \u00f3rganos, la pornograf\u00eda infantil, el tr\u00e1fico de drogas, armas, munici\u00f3n o explosivos, el cibercrimen y otros delitos previstos en la jurisdicci\u00f3n del Tribunal Penal Internacional.<\/p>\n<p>Los estados miembros de la UE no tendr\u00e1n acceso directo a la base de datos de las aerol\u00edneas y ser\u00e1n estas quienes enviar\u00e1n la informaci\u00f3n en dos ocasiones -entre 24 y 48 horas antes del vuelo e inmediatamente despu\u00e9s de que embarquen los pasajeros y se cierre el vuelo- a las unidades de informaci\u00f3n designadas por los gobiernos que almacenar\u00e1n, analizar\u00e1n y suministrar\u00e1n la informaci\u00f3n solo a las autoridades competentes designadas por los gobiernos.<\/p>\n<p>La nueva directiva recoge que estos datos estar\u00e1n almacenados por un per\u00edodo de hasta cinco a\u00f1os. Los primeros seis meses ser\u00e1n almacenados en abierto. A partir de entonces la informaci\u00f3n tendr\u00e1 que ser almacenada de forma enmascarada, lo que significa que los datos que permitan identificar directamente al pasajero quedar\u00e1n invisibles, aunque las autoridades podr\u00e1n pedir a sus socios informaci\u00f3n adicional si lo necesitan para una investigaci\u00f3n. Las unidades de informaci\u00f3n tendr\u00e1n que nombrar un responsable de protecci\u00f3n de datos y el acceso a los datos una vez enmascarados ser\u00e1 bajo \u201cestrictas y limitadas condiciones\u201d.<\/p>\n<p>La nueva directiva se aplica a todos los vuelos que despeguen desde alg\u00fan aeropuerto de la Uni\u00f3n Europea o que aterricen en la UE. Los estados miembros, no obstante, podr\u00e1n aplicar la normativa tambi\u00e9n a los vuelos intraeuropeos. El \u00fanico requisito ser\u00e1 informar a la Comisi\u00f3n Europea por escrito.<\/p>\n<p>La norma se aplicar\u00e1 a todos los pa\u00edses del espacio Schengen. Reino Unido e Irlanda, aunque no forman parte, han decidido adherirse a ella, mientras que Dinamarca, gracias a una cl\u00e1usula en el Tratado, se quedar\u00e1 fuera.<\/p>\n","protected":false},"excerpt":{"rendered":"<p>El Parlamento europeo aprob\u00f3 a mediados de abril la nueva directiva que regula el uso del registro de datos de pasajeros (PNR, o Passenger Name Record por sus siglas en ingl\u00e9s) a\u00e9reos para la prevenci\u00f3n, detecci\u00f3n, investigaci\u00f3n y enjuiciamiento de &hellip; <a href=\"https:\/\/www.viatgeaddictes.com\/blog\/2016\/04\/union-europea-el-parlamento-europeo-aprueba-la-directiva-sobre-registro-de-datos-de-pasajeros\/\">Sigue leyendo <span class=\"meta-nav\">&rarr;<\/span><\/a><\/p>\n","protected":false},"author":2,"featured_media":0,"comment_status":"open","ping_status":"open","sticky":false,"template":"","format":"standard","meta":{"_jetpack_memberships_contains_paid_content":false,"footnotes":""},"categories":[157,47,156,19],"tags":[58],"class_list":["post-100990","post","type-post","status-publish","format-standard","hentry","category-companias-aereas-2","category-regulaciones","category-seguridad","category-vuelos","tag-union-europea"],"yoast_head":"<!-- This site is optimized with the Yoast SEO plugin v27.5 - https:\/\/yoast.com\/product\/yoast-seo-wordpress\/ -->\n<title>UNI\u00d3N EUROPEA - El Parlamento europeo aprueba la directiva sobre registro de datos de pasajeros<\/title>\n<meta name=\"description\" content=\"El Parlamento europeo aprob\u00f3 a mediados de abril la nueva directiva que regula el uso del registro de datos de pasajeros (PNR, o Passenger Name Record por\" \/>\n<meta name=\"robots\" content=\"index, follow, max-snippet:-1, max-image-preview:large, max-video-preview:-1\" \/>\n<link rel=\"canonical\" href=\"https:\/\/www.viatgeaddictes.com\/blog\/2016\/04\/union-europea-el-parlamento-europeo-aprueba-la-directiva-sobre-registro-de-datos-de-pasajeros\/\" \/>\n<meta property=\"og:locale\" content=\"es_ES\" \/>\n<meta property=\"og:type\" content=\"article\" \/>\n<meta property=\"og:title\" content=\"UNI\u00d3N EUROPEA - El Parlamento europeo aprueba la directiva sobre registro de datos de pasajeros\" \/>\n<meta property=\"og:description\" content=\"El Parlamento europeo aprob\u00f3 a mediados de abril la nueva directiva que regula el uso del registro de datos de pasajeros (PNR, o Passenger Name Record por\" \/>\n<meta property=\"og:url\" content=\"https:\/\/www.viatgeaddictes.com\/blog\/2016\/04\/union-europea-el-parlamento-europeo-aprueba-la-directiva-sobre-registro-de-datos-de-pasajeros\/\" \/>\n<meta property=\"og:site_name\" content=\"Blog de noticias de viajes y turismo\" \/>\n<meta property=\"article:publisher\" content=\"facebook.com\/viatgeaddictes\" \/>\n<meta property=\"article:author\" content=\"facebook.com\/viatgeaddictes\" \/>\n<meta property=\"article:published_time\" content=\"2016-04-20T12:44:32+00:00\" \/>\n<meta property=\"article:modified_time\" content=\"2017-02-08T18:23:35+00:00\" \/>\n<meta property=\"og:image\" content=\"http:\/\/www.viatgeaddictes.com\/blog\/wp-content\/uploads\/2014\/11\/iconaAeroport.png\" \/>\n<meta name=\"author\" content=\"Viatgeaddictes\" \/>\n<meta name=\"twitter:card\" content=\"summary_large_image\" \/>\n<meta name=\"twitter:creator\" content=\"@viatgeaddictes\" \/>\n<meta name=\"twitter:site\" content=\"@viatgeaddictes\" \/>\n<meta name=\"twitter:label1\" content=\"Escrito por\" \/>\n\t<meta name=\"twitter:data1\" content=\"Viatgeaddictes\" \/>\n\t<meta name=\"twitter:label2\" content=\"Tiempo de lectura\" \/>\n\t<meta name=\"twitter:data2\" content=\"3 minutos\" \/>\n<script type=\"application\/ld+json\" class=\"yoast-schema-graph\">{\"@context\":\"https:\\\/\\\/schema.org\",\"@graph\":[{\"@type\":\"Article\",\"@id\":\"https:\\\/\\\/www.viatgeaddictes.com\\\/blog\\\/2016\\\/04\\\/union-europea-el-parlamento-europeo-aprueba-la-directiva-sobre-registro-de-datos-de-pasajeros\\\/#article\",\"isPartOf\":{\"@id\":\"https:\\\/\\\/www.viatgeaddictes.com\\\/blog\\\/2016\\\/04\\\/union-europea-el-parlamento-europeo-aprueba-la-directiva-sobre-registro-de-datos-de-pasajeros\\\/\"},\"author\":{\"name\":\"Viatgeaddictes\",\"@id\":\"https:\\\/\\\/www.viatgeaddictes.com\\\/blog\\\/#\\\/schema\\\/person\\\/37801c6f1a42b1acccc2262e8b9fb40a\"},\"headline\":\"UNI\u00d3N EUROPEA &#8211; El Parlamento europeo aprueba la directiva sobre registro de datos de pasajeros\",\"datePublished\":\"2016-04-20T12:44:32+00:00\",\"dateModified\":\"2017-02-08T18:23:35+00:00\",\"mainEntityOfPage\":{\"@id\":\"https:\\\/\\\/www.viatgeaddictes.com\\\/blog\\\/2016\\\/04\\\/union-europea-el-parlamento-europeo-aprueba-la-directiva-sobre-registro-de-datos-de-pasajeros\\\/\"},\"wordCount\":620,\"commentCount\":0,\"publisher\":{\"@id\":\"https:\\\/\\\/www.viatgeaddictes.com\\\/blog\\\/#\\\/schema\\\/person\\\/37801c6f1a42b1acccc2262e8b9fb40a\"},\"image\":{\"@id\":\"https:\\\/\\\/www.viatgeaddictes.com\\\/blog\\\/2016\\\/04\\\/union-europea-el-parlamento-europeo-aprueba-la-directiva-sobre-registro-de-datos-de-pasajeros\\\/#primaryimage\"},\"thumbnailUrl\":\"http:\\\/\\\/www.viatgeaddictes.com\\\/blog\\\/wp-content\\\/uploads\\\/2014\\\/11\\\/iconaAeroport.png\",\"keywords\":[\"Uni\u00f3n Europea\"],\"articleSection\":[\"Compa\u00f1\u00edas a\u00e9reas\",\"Regulaciones\",\"Seguridad\",\"Vuelos\"],\"inLanguage\":\"es\",\"potentialAction\":[{\"@type\":\"CommentAction\",\"name\":\"Comment\",\"target\":[\"https:\\\/\\\/www.viatgeaddictes.com\\\/blog\\\/2016\\\/04\\\/union-europea-el-parlamento-europeo-aprueba-la-directiva-sobre-registro-de-datos-de-pasajeros\\\/#respond\"]}]},{\"@type\":\"WebPage\",\"@id\":\"https:\\\/\\\/www.viatgeaddictes.com\\\/blog\\\/2016\\\/04\\\/union-europea-el-parlamento-europeo-aprueba-la-directiva-sobre-registro-de-datos-de-pasajeros\\\/\",\"url\":\"https:\\\/\\\/www.viatgeaddictes.com\\\/blog\\\/2016\\\/04\\\/union-europea-el-parlamento-europeo-aprueba-la-directiva-sobre-registro-de-datos-de-pasajeros\\\/\",\"name\":\"UNI\u00d3N EUROPEA - El Parlamento europeo aprueba la directiva sobre registro de datos de pasajeros\",\"isPartOf\":{\"@id\":\"https:\\\/\\\/www.viatgeaddictes.com\\\/blog\\\/#website\"},\"primaryImageOfPage\":{\"@id\":\"https:\\\/\\\/www.viatgeaddictes.com\\\/blog\\\/2016\\\/04\\\/union-europea-el-parlamento-europeo-aprueba-la-directiva-sobre-registro-de-datos-de-pasajeros\\\/#primaryimage\"},\"image\":{\"@id\":\"https:\\\/\\\/www.viatgeaddictes.com\\\/blog\\\/2016\\\/04\\\/union-europea-el-parlamento-europeo-aprueba-la-directiva-sobre-registro-de-datos-de-pasajeros\\\/#primaryimage\"},\"thumbnailUrl\":\"http:\\\/\\\/www.viatgeaddictes.com\\\/blog\\\/wp-content\\\/uploads\\\/2014\\\/11\\\/iconaAeroport.png\",\"datePublished\":\"2016-04-20T12:44:32+00:00\",\"dateModified\":\"2017-02-08T18:23:35+00:00\",\"description\":\"El Parlamento europeo aprob\u00f3 a mediados de abril la nueva directiva que regula el uso del registro de datos de pasajeros (PNR, o Passenger Name Record por\",\"breadcrumb\":{\"@id\":\"https:\\\/\\\/www.viatgeaddictes.com\\\/blog\\\/2016\\\/04\\\/union-europea-el-parlamento-europeo-aprueba-la-directiva-sobre-registro-de-datos-de-pasajeros\\\/#breadcrumb\"},\"inLanguage\":\"es\",\"potentialAction\":[{\"@type\":\"ReadAction\",\"target\":[\"https:\\\/\\\/www.viatgeaddictes.com\\\/blog\\\/2016\\\/04\\\/union-europea-el-parlamento-europeo-aprueba-la-directiva-sobre-registro-de-datos-de-pasajeros\\\/\"]}]},{\"@type\":\"ImageObject\",\"inLanguage\":\"es\",\"@id\":\"https:\\\/\\\/www.viatgeaddictes.com\\\/blog\\\/2016\\\/04\\\/union-europea-el-parlamento-europeo-aprueba-la-directiva-sobre-registro-de-datos-de-pasajeros\\\/#primaryimage\",\"url\":\"https:\\\/\\\/www.viatgeaddictes.com\\\/blog\\\/wp-content\\\/uploads\\\/2014\\\/11\\\/iconaAeroport.png\",\"contentUrl\":\"https:\\\/\\\/www.viatgeaddictes.com\\\/blog\\\/wp-content\\\/uploads\\\/2014\\\/11\\\/iconaAeroport.png\",\"width\":128,\"height\":128,\"caption\":\"Vuelos\"},{\"@type\":\"BreadcrumbList\",\"@id\":\"https:\\\/\\\/www.viatgeaddictes.com\\\/blog\\\/2016\\\/04\\\/union-europea-el-parlamento-europeo-aprueba-la-directiva-sobre-registro-de-datos-de-pasajeros\\\/#breadcrumb\",\"itemListElement\":[{\"@type\":\"ListItem\",\"position\":1,\"name\":\"Inici\",\"item\":\"https:\\\/\\\/www.viatgeaddictes.com\\\/blog\\\/\"},{\"@type\":\"ListItem\",\"position\":2,\"name\":\"UNI\u00d3N EUROPEA &#8211; El Parlamento europeo aprueba la directiva sobre registro de datos de pasajeros\"}]},{\"@type\":\"WebSite\",\"@id\":\"https:\\\/\\\/www.viatgeaddictes.com\\\/blog\\\/#website\",\"url\":\"https:\\\/\\\/www.viatgeaddictes.com\\\/blog\\\/\",\"name\":\"Viatgeaddictes - Blog de noticias de viajes y turismo\",\"description\":\"Viatgeaddictes.com, recursos para el viajero independiente\",\"publisher\":{\"@id\":\"https:\\\/\\\/www.viatgeaddictes.com\\\/blog\\\/#\\\/schema\\\/person\\\/37801c6f1a42b1acccc2262e8b9fb40a\"},\"potentialAction\":[{\"@type\":\"SearchAction\",\"target\":{\"@type\":\"EntryPoint\",\"urlTemplate\":\"https:\\\/\\\/www.viatgeaddictes.com\\\/blog\\\/?s={search_term_string}\"},\"query-input\":{\"@type\":\"PropertyValueSpecification\",\"valueRequired\":true,\"valueName\":\"search_term_string\"}}],\"inLanguage\":\"es\"},{\"@type\":[\"Person\",\"Organization\"],\"@id\":\"https:\\\/\\\/www.viatgeaddictes.com\\\/blog\\\/#\\\/schema\\\/person\\\/37801c6f1a42b1acccc2262e8b9fb40a\",\"name\":\"Viatgeaddictes\",\"image\":{\"@type\":\"ImageObject\",\"inLanguage\":\"es\",\"@id\":\"https:\\\/\\\/secure.gravatar.com\\\/avatar\\\/8e539e3957a5de243b927337e71f118ed9f49b85e9cc445b9cb8ac83700f32c6?s=96&d=identicon&r=g\",\"url\":\"https:\\\/\\\/secure.gravatar.com\\\/avatar\\\/8e539e3957a5de243b927337e71f118ed9f49b85e9cc445b9cb8ac83700f32c6?s=96&d=identicon&r=g\",\"contentUrl\":\"https:\\\/\\\/secure.gravatar.com\\\/avatar\\\/8e539e3957a5de243b927337e71f118ed9f49b85e9cc445b9cb8ac83700f32c6?s=96&d=identicon&r=g\",\"caption\":\"Viatgeaddictes\"},\"logo\":{\"@id\":\"https:\\\/\\\/secure.gravatar.com\\\/avatar\\\/8e539e3957a5de243b927337e71f118ed9f49b85e9cc445b9cb8ac83700f32c6?s=96&d=identicon&r=g\"},\"sameAs\":[\"https:\\\/\\\/www.viatgeaddictes.com\",\"facebook.com\\\/viatgeaddictes\",\"instagram.com\\\/viatgeaddictes\",\"https:\\\/\\\/x.com\\\/viatgeaddictes\",\"youtube.com\\\/viatgeaddictes\"],\"url\":\"https:\\\/\\\/www.viatgeaddictes.com\\\/blog\\\/author\\\/viatgeaddictes\\\/\"}]}<\/script>\n<!-- \/ Yoast SEO plugin. -->","yoast_head_json":{"title":"UNI\u00d3N EUROPEA - El Parlamento europeo aprueba la directiva sobre registro de datos de pasajeros","description":"El Parlamento europeo aprob\u00f3 a mediados de abril la nueva directiva que regula el uso del registro de datos de pasajeros (PNR, o Passenger Name Record por","robots":{"index":"index","follow":"follow","max-snippet":"max-snippet:-1","max-image-preview":"max-image-preview:large","max-video-preview":"max-video-preview:-1"},"canonical":"https:\/\/www.viatgeaddictes.com\/blog\/2016\/04\/union-europea-el-parlamento-europeo-aprueba-la-directiva-sobre-registro-de-datos-de-pasajeros\/","og_locale":"es_ES","og_type":"article","og_title":"UNI\u00d3N EUROPEA - El Parlamento europeo aprueba la directiva sobre registro de datos de pasajeros","og_description":"El Parlamento europeo aprob\u00f3 a mediados de abril la nueva directiva que regula el uso del registro de datos de pasajeros (PNR, o Passenger Name Record por","og_url":"https:\/\/www.viatgeaddictes.com\/blog\/2016\/04\/union-europea-el-parlamento-europeo-aprueba-la-directiva-sobre-registro-de-datos-de-pasajeros\/","og_site_name":"Blog de noticias de viajes y turismo","article_publisher":"facebook.com\/viatgeaddictes","article_author":"facebook.com\/viatgeaddictes","article_published_time":"2016-04-20T12:44:32+00:00","article_modified_time":"2017-02-08T18:23:35+00:00","og_image":[{"url":"http:\/\/www.viatgeaddictes.com\/blog\/wp-content\/uploads\/2014\/11\/iconaAeroport.png","type":"","width":"","height":""}],"author":"Viatgeaddictes","twitter_card":"summary_large_image","twitter_creator":"@viatgeaddictes","twitter_site":"@viatgeaddictes","twitter_misc":{"Escrito por":"Viatgeaddictes","Tiempo de lectura":"3 minutos"},"schema":{"@context":"https:\/\/schema.org","@graph":[{"@type":"Article","@id":"https:\/\/www.viatgeaddictes.com\/blog\/2016\/04\/union-europea-el-parlamento-europeo-aprueba-la-directiva-sobre-registro-de-datos-de-pasajeros\/#article","isPartOf":{"@id":"https:\/\/www.viatgeaddictes.com\/blog\/2016\/04\/union-europea-el-parlamento-europeo-aprueba-la-directiva-sobre-registro-de-datos-de-pasajeros\/"},"author":{"name":"Viatgeaddictes","@id":"https:\/\/www.viatgeaddictes.com\/blog\/#\/schema\/person\/37801c6f1a42b1acccc2262e8b9fb40a"},"headline":"UNI\u00d3N EUROPEA &#8211; El Parlamento europeo aprueba la directiva sobre registro de datos de pasajeros","datePublished":"2016-04-20T12:44:32+00:00","dateModified":"2017-02-08T18:23:35+00:00","mainEntityOfPage":{"@id":"https:\/\/www.viatgeaddictes.com\/blog\/2016\/04\/union-europea-el-parlamento-europeo-aprueba-la-directiva-sobre-registro-de-datos-de-pasajeros\/"},"wordCount":620,"commentCount":0,"publisher":{"@id":"https:\/\/www.viatgeaddictes.com\/blog\/#\/schema\/person\/37801c6f1a42b1acccc2262e8b9fb40a"},"image":{"@id":"https:\/\/www.viatgeaddictes.com\/blog\/2016\/04\/union-europea-el-parlamento-europeo-aprueba-la-directiva-sobre-registro-de-datos-de-pasajeros\/#primaryimage"},"thumbnailUrl":"http:\/\/www.viatgeaddictes.com\/blog\/wp-content\/uploads\/2014\/11\/iconaAeroport.png","keywords":["Uni\u00f3n Europea"],"articleSection":["Compa\u00f1\u00edas a\u00e9reas","Regulaciones","Seguridad","Vuelos"],"inLanguage":"es","potentialAction":[{"@type":"CommentAction","name":"Comment","target":["https:\/\/www.viatgeaddictes.com\/blog\/2016\/04\/union-europea-el-parlamento-europeo-aprueba-la-directiva-sobre-registro-de-datos-de-pasajeros\/#respond"]}]},{"@type":"WebPage","@id":"https:\/\/www.viatgeaddictes.com\/blog\/2016\/04\/union-europea-el-parlamento-europeo-aprueba-la-directiva-sobre-registro-de-datos-de-pasajeros\/","url":"https:\/\/www.viatgeaddictes.com\/blog\/2016\/04\/union-europea-el-parlamento-europeo-aprueba-la-directiva-sobre-registro-de-datos-de-pasajeros\/","name":"UNI\u00d3N EUROPEA - El Parlamento europeo aprueba la directiva sobre registro de datos de pasajeros","isPartOf":{"@id":"https:\/\/www.viatgeaddictes.com\/blog\/#website"},"primaryImageOfPage":{"@id":"https:\/\/www.viatgeaddictes.com\/blog\/2016\/04\/union-europea-el-parlamento-europeo-aprueba-la-directiva-sobre-registro-de-datos-de-pasajeros\/#primaryimage"},"image":{"@id":"https:\/\/www.viatgeaddictes.com\/blog\/2016\/04\/union-europea-el-parlamento-europeo-aprueba-la-directiva-sobre-registro-de-datos-de-pasajeros\/#primaryimage"},"thumbnailUrl":"http:\/\/www.viatgeaddictes.com\/blog\/wp-content\/uploads\/2014\/11\/iconaAeroport.png","datePublished":"2016-04-20T12:44:32+00:00","dateModified":"2017-02-08T18:23:35+00:00","description":"El Parlamento europeo aprob\u00f3 a mediados de abril la nueva directiva que regula el uso del registro de datos de pasajeros (PNR, o Passenger Name Record por","breadcrumb":{"@id":"https:\/\/www.viatgeaddictes.com\/blog\/2016\/04\/union-europea-el-parlamento-europeo-aprueba-la-directiva-sobre-registro-de-datos-de-pasajeros\/#breadcrumb"},"inLanguage":"es","potentialAction":[{"@type":"ReadAction","target":["https:\/\/www.viatgeaddictes.com\/blog\/2016\/04\/union-europea-el-parlamento-europeo-aprueba-la-directiva-sobre-registro-de-datos-de-pasajeros\/"]}]},{"@type":"ImageObject","inLanguage":"es","@id":"https:\/\/www.viatgeaddictes.com\/blog\/2016\/04\/union-europea-el-parlamento-europeo-aprueba-la-directiva-sobre-registro-de-datos-de-pasajeros\/#primaryimage","url":"https:\/\/www.viatgeaddictes.com\/blog\/wp-content\/uploads\/2014\/11\/iconaAeroport.png","contentUrl":"https:\/\/www.viatgeaddictes.com\/blog\/wp-content\/uploads\/2014\/11\/iconaAeroport.png","width":128,"height":128,"caption":"Vuelos"},{"@type":"BreadcrumbList","@id":"https:\/\/www.viatgeaddictes.com\/blog\/2016\/04\/union-europea-el-parlamento-europeo-aprueba-la-directiva-sobre-registro-de-datos-de-pasajeros\/#breadcrumb","itemListElement":[{"@type":"ListItem","position":1,"name":"Inici","item":"https:\/\/www.viatgeaddictes.com\/blog\/"},{"@type":"ListItem","position":2,"name":"UNI\u00d3N EUROPEA &#8211; El Parlamento europeo aprueba la directiva sobre registro de datos de pasajeros"}]},{"@type":"WebSite","@id":"https:\/\/www.viatgeaddictes.com\/blog\/#website","url":"https:\/\/www.viatgeaddictes.com\/blog\/","name":"Viatgeaddictes - Blog de noticias de viajes y turismo","description":"Viatgeaddictes.com, recursos para el viajero independiente","publisher":{"@id":"https:\/\/www.viatgeaddictes.com\/blog\/#\/schema\/person\/37801c6f1a42b1acccc2262e8b9fb40a"},"potentialAction":[{"@type":"SearchAction","target":{"@type":"EntryPoint","urlTemplate":"https:\/\/www.viatgeaddictes.com\/blog\/?s={search_term_string}"},"query-input":{"@type":"PropertyValueSpecification","valueRequired":true,"valueName":"search_term_string"}}],"inLanguage":"es"},{"@type":["Person","Organization"],"@id":"https:\/\/www.viatgeaddictes.com\/blog\/#\/schema\/person\/37801c6f1a42b1acccc2262e8b9fb40a","name":"Viatgeaddictes","image":{"@type":"ImageObject","inLanguage":"es","@id":"https:\/\/secure.gravatar.com\/avatar\/8e539e3957a5de243b927337e71f118ed9f49b85e9cc445b9cb8ac83700f32c6?s=96&d=identicon&r=g","url":"https:\/\/secure.gravatar.com\/avatar\/8e539e3957a5de243b927337e71f118ed9f49b85e9cc445b9cb8ac83700f32c6?s=96&d=identicon&r=g","contentUrl":"https:\/\/secure.gravatar.com\/avatar\/8e539e3957a5de243b927337e71f118ed9f49b85e9cc445b9cb8ac83700f32c6?s=96&d=identicon&r=g","caption":"Viatgeaddictes"},"logo":{"@id":"https:\/\/secure.gravatar.com\/avatar\/8e539e3957a5de243b927337e71f118ed9f49b85e9cc445b9cb8ac83700f32c6?s=96&d=identicon&r=g"},"sameAs":["https:\/\/www.viatgeaddictes.com","facebook.com\/viatgeaddictes","instagram.com\/viatgeaddictes","https:\/\/x.com\/viatgeaddictes","youtube.com\/viatgeaddictes"],"url":"https:\/\/www.viatgeaddictes.com\/blog\/author\/viatgeaddictes\/"}]}},"jetpack_featured_media_url":"","jetpack_sharing_enabled":true,"jetpack_likes_enabled":true,"_links":{"self":[{"href":"https:\/\/www.viatgeaddictes.com\/blog\/wp-json\/wp\/v2\/posts\/100990","targetHints":{"allow":["GET"]}}],"collection":[{"href":"https:\/\/www.viatgeaddictes.com\/blog\/wp-json\/wp\/v2\/posts"}],"about":[{"href":"https:\/\/www.viatgeaddictes.com\/blog\/wp-json\/wp\/v2\/types\/post"}],"author":[{"embeddable":true,"href":"https:\/\/www.viatgeaddictes.com\/blog\/wp-json\/wp\/v2\/users\/2"}],"replies":[{"embeddable":true,"href":"https:\/\/www.viatgeaddictes.com\/blog\/wp-json\/wp\/v2\/comments?post=100990"}],"version-history":[{"count":0,"href":"https:\/\/www.viatgeaddictes.com\/blog\/wp-json\/wp\/v2\/posts\/100990\/revisions"}],"wp:attachment":[{"href":"https:\/\/www.viatgeaddictes.com\/blog\/wp-json\/wp\/v2\/media?parent=100990"}],"wp:term":[{"taxonomy":"category","embeddable":true,"href":"https:\/\/www.viatgeaddictes.com\/blog\/wp-json\/wp\/v2\/categories?post=100990"},{"taxonomy":"post_tag","embeddable":true,"href":"https:\/\/www.viatgeaddictes.com\/blog\/wp-json\/wp\/v2\/tags?post=100990"}],"curies":[{"name":"wp","href":"https:\/\/api.w.org\/{rel}","templated":true}]}}