{"id":100820,"date":"2014-11-20T15:18:08","date_gmt":"2014-11-20T13:18:08","guid":{"rendered":"http:\/\/www.viatgeaddictes.com\/blog\/?p=820"},"modified":"2014-11-20T18:30:20","modified_gmt":"2014-11-20T16:30:20","slug":"nuevo-paso-preferente-para-familias-con-ninos-pequenos-en-el-aeropuerto-barcelona-el-prat","status":"publish","type":"post","link":"https:\/\/www.viatgeaddictes.com\/blog\/2014\/11\/nuevo-paso-preferente-para-familias-con-ninos-pequenos-en-el-aeropuerto-barcelona-el-prat\/","title":{"rendered":"Nuevo paso preferente para familias con ni\u00f1os peque\u00f1os en el aeropuerto Barcelona-El Prat"},"content":{"rendered":"<p><img loading=\"lazy\" decoding=\"async\" class=\"alignleft  wp-image-834\" src=\"http:\/\/www.viatgeaddictes.com\/blog\/wp-content\/uploads\/2014\/11\/iconaAeroport.png\" alt=\"Aeropuerto\" width=\"110\" height=\"110\" \/>En la terminal T1 del <strong>aeropuerto de Barcelona-El Prat<\/strong> se ha habilitado un nuevo acceso para familias que viajan con ni\u00f1os de corta edad.<\/p>\n<p>Se trata de un paso preferente situado junto al lado izquierdo de los controles de seguridad y cerca de la nueva tienda multiservicios de la planta de facturaci\u00f3n.<\/p>\n<p>Con la puesta en funcionamiento de este nuevo filtro de seguridad, el aeropuerto de <a href=\"http:\/\/www.viatgeaddictes.com\/blog\/tag\/barcelona\/\">Barcelona <\/a>cuenta con dos zonas de acceso especiales.<\/p>\n<p>Por un lado, se mantiene la zona ya existente por el que pasan las personas con movilidad reducida (PMR), ubicado cerca de <em>El Mirador<\/em>, al lado de la farmacia y el <em>Pans&amp;Company<\/em>. Por otro, se habilita esta nueva zona de paso creada para familias que viajan con ni\u00f1os peque\u00f1os.<\/p>\n<p>El objetivo de esta medida es mejorar los tiempos de espera y la calidad del servicio al pasajero, al diferenciar el flujo de usuarios con movilidad reducida y el de las familias con ni\u00f1os, que hasta ahora acced\u00edan por un \u00fanico filtro de seguridad.<\/p>\n<p>Otra de las mejoras que se han implementado con esta nueva apertura es la instalaci\u00f3n de una <strong>zona infantil<\/strong> tras pasar el filtro, que se suma a la que ya hay antes del control.<\/p>\n<p>&nbsp;<\/p>\n","protected":false},"excerpt":{"rendered":"<p>En la terminal T1 del aeropuerto de Barcelona-El Prat se ha habilitado un nuevo acceso para familias que viajan con ni\u00f1os de corta edad. Se trata de un paso preferente situado junto al lado izquierdo de los controles de seguridad &hellip; <a href=\"https:\/\/www.viatgeaddictes.com\/blog\/2014\/11\/nuevo-paso-preferente-para-familias-con-ninos-pequenos-en-el-aeropuerto-barcelona-el-prat\/\">Sigue leyendo <span class=\"meta-nav\">&rarr;<\/span><\/a><\/p>\n","protected":false},"author":2,"featured_media":0,"comment_status":"open","ping_status":"open","sticky":false,"template":"","format":"standard","meta":{"_jetpack_memberships_contains_paid_content":false,"footnotes":""},"categories":[113,110,19],"tags":[25,44,13],"class_list":["post-100820","post","type-post","status-publish","format-standard","hentry","category-aeropuertos-2","category-viajes","category-vuelos","tag-barcelona","tag-catalunya","tag-europa"],"yoast_head":"<!-- This site is optimized with the Yoast SEO plugin v27.5 - https:\/\/yoast.com\/product\/yoast-seo-wordpress\/ -->\n<title>Nuevo paso preferente para familias con ni\u00f1os peque\u00f1os en el aeropuerto Barcelona-El Prat<\/title>\n<meta name=\"description\" content=\"En la terminal T1 del aeropuerto de Barcelona-El Prat se ha habilitado un nuevo acceso para familias que viajan con ni\u00f1os de corta edad. Se trata de un\" \/>\n<meta name=\"robots\" content=\"index, follow, max-snippet:-1, max-image-preview:large, max-video-preview:-1\" \/>\n<link rel=\"canonical\" href=\"https:\/\/www.viatgeaddictes.com\/blog\/2014\/11\/nuevo-paso-preferente-para-familias-con-ninos-pequenos-en-el-aeropuerto-barcelona-el-prat\/\" \/>\n<meta property=\"og:locale\" content=\"es_ES\" \/>\n<meta property=\"og:type\" content=\"article\" \/>\n<meta property=\"og:title\" content=\"Nuevo paso preferente para familias con ni\u00f1os peque\u00f1os en el aeropuerto Barcelona-El Prat\" \/>\n<meta property=\"og:description\" content=\"En la terminal T1 del aeropuerto de Barcelona-El Prat se ha habilitado un nuevo acceso para familias que viajan con ni\u00f1os de corta edad. Se trata de un\" \/>\n<meta property=\"og:url\" content=\"https:\/\/www.viatgeaddictes.com\/blog\/2014\/11\/nuevo-paso-preferente-para-familias-con-ninos-pequenos-en-el-aeropuerto-barcelona-el-prat\/\" \/>\n<meta property=\"og:site_name\" content=\"Blog de noticias de viajes y turismo\" \/>\n<meta property=\"article:publisher\" content=\"facebook.com\/viatgeaddictes\" \/>\n<meta property=\"article:author\" content=\"facebook.com\/viatgeaddictes\" \/>\n<meta property=\"article:published_time\" content=\"2014-11-20T13:18:08+00:00\" \/>\n<meta property=\"article:modified_time\" content=\"2014-11-20T16:30:20+00:00\" \/>\n<meta property=\"og:image\" content=\"http:\/\/www.viatgeaddictes.com\/blog\/wp-content\/uploads\/2014\/11\/iconaAeroport.png\" \/>\n<meta name=\"author\" content=\"Viatgeaddictes\" \/>\n<meta name=\"twitter:card\" content=\"summary_large_image\" \/>\n<meta name=\"twitter:creator\" content=\"@viatgeaddictes\" \/>\n<meta name=\"twitter:site\" content=\"@viatgeaddictes\" \/>\n<meta name=\"twitter:label1\" content=\"Escrito por\" \/>\n\t<meta name=\"twitter:data1\" content=\"Viatgeaddictes\" \/>\n\t<meta name=\"twitter:label2\" content=\"Tiempo de lectura\" \/>\n\t<meta name=\"twitter:data2\" content=\"1 minuto\" \/>\n<script type=\"application\/ld+json\" class=\"yoast-schema-graph\">{\"@context\":\"https:\\\/\\\/schema.org\",\"@graph\":[{\"@type\":\"Article\",\"@id\":\"https:\\\/\\\/www.viatgeaddictes.com\\\/blog\\\/2014\\\/11\\\/nuevo-paso-preferente-para-familias-con-ninos-pequenos-en-el-aeropuerto-barcelona-el-prat\\\/#article\",\"isPartOf\":{\"@id\":\"https:\\\/\\\/www.viatgeaddictes.com\\\/blog\\\/2014\\\/11\\\/nuevo-paso-preferente-para-familias-con-ninos-pequenos-en-el-aeropuerto-barcelona-el-prat\\\/\"},\"author\":{\"name\":\"Viatgeaddictes\",\"@id\":\"https:\\\/\\\/www.viatgeaddictes.com\\\/blog\\\/#\\\/schema\\\/person\\\/37801c6f1a42b1acccc2262e8b9fb40a\"},\"headline\":\"Nuevo paso preferente para familias con ni\u00f1os peque\u00f1os en el aeropuerto Barcelona-El Prat\",\"datePublished\":\"2014-11-20T13:18:08+00:00\",\"dateModified\":\"2014-11-20T16:30:20+00:00\",\"mainEntityOfPage\":{\"@id\":\"https:\\\/\\\/www.viatgeaddictes.com\\\/blog\\\/2014\\\/11\\\/nuevo-paso-preferente-para-familias-con-ninos-pequenos-en-el-aeropuerto-barcelona-el-prat\\\/\"},\"wordCount\":226,\"commentCount\":0,\"publisher\":{\"@id\":\"https:\\\/\\\/www.viatgeaddictes.com\\\/blog\\\/#\\\/schema\\\/person\\\/37801c6f1a42b1acccc2262e8b9fb40a\"},\"image\":{\"@id\":\"https:\\\/\\\/www.viatgeaddictes.com\\\/blog\\\/2014\\\/11\\\/nuevo-paso-preferente-para-familias-con-ninos-pequenos-en-el-aeropuerto-barcelona-el-prat\\\/#primaryimage\"},\"thumbnailUrl\":\"http:\\\/\\\/www.viatgeaddictes.com\\\/blog\\\/wp-content\\\/uploads\\\/2014\\\/11\\\/iconaAeroport.png\",\"keywords\":[\"Barcelona\",\"Catalunya\",\"Europa\"],\"articleSection\":[\"Aeropuertos\",\"Viajes\",\"Vuelos\"],\"inLanguage\":\"es\",\"potentialAction\":[{\"@type\":\"CommentAction\",\"name\":\"Comment\",\"target\":[\"https:\\\/\\\/www.viatgeaddictes.com\\\/blog\\\/2014\\\/11\\\/nuevo-paso-preferente-para-familias-con-ninos-pequenos-en-el-aeropuerto-barcelona-el-prat\\\/#respond\"]}]},{\"@type\":\"WebPage\",\"@id\":\"https:\\\/\\\/www.viatgeaddictes.com\\\/blog\\\/2014\\\/11\\\/nuevo-paso-preferente-para-familias-con-ninos-pequenos-en-el-aeropuerto-barcelona-el-prat\\\/\",\"url\":\"https:\\\/\\\/www.viatgeaddictes.com\\\/blog\\\/2014\\\/11\\\/nuevo-paso-preferente-para-familias-con-ninos-pequenos-en-el-aeropuerto-barcelona-el-prat\\\/\",\"name\":\"Nuevo paso preferente para familias con ni\u00f1os peque\u00f1os en el aeropuerto Barcelona-El Prat\",\"isPartOf\":{\"@id\":\"https:\\\/\\\/www.viatgeaddictes.com\\\/blog\\\/#website\"},\"primaryImageOfPage\":{\"@id\":\"https:\\\/\\\/www.viatgeaddictes.com\\\/blog\\\/2014\\\/11\\\/nuevo-paso-preferente-para-familias-con-ninos-pequenos-en-el-aeropuerto-barcelona-el-prat\\\/#primaryimage\"},\"image\":{\"@id\":\"https:\\\/\\\/www.viatgeaddictes.com\\\/blog\\\/2014\\\/11\\\/nuevo-paso-preferente-para-familias-con-ninos-pequenos-en-el-aeropuerto-barcelona-el-prat\\\/#primaryimage\"},\"thumbnailUrl\":\"http:\\\/\\\/www.viatgeaddictes.com\\\/blog\\\/wp-content\\\/uploads\\\/2014\\\/11\\\/iconaAeroport.png\",\"datePublished\":\"2014-11-20T13:18:08+00:00\",\"dateModified\":\"2014-11-20T16:30:20+00:00\",\"description\":\"En la terminal T1 del aeropuerto de Barcelona-El Prat se ha habilitado un nuevo acceso para familias que viajan con ni\u00f1os de corta edad. Se trata de un\",\"breadcrumb\":{\"@id\":\"https:\\\/\\\/www.viatgeaddictes.com\\\/blog\\\/2014\\\/11\\\/nuevo-paso-preferente-para-familias-con-ninos-pequenos-en-el-aeropuerto-barcelona-el-prat\\\/#breadcrumb\"},\"inLanguage\":\"es\",\"potentialAction\":[{\"@type\":\"ReadAction\",\"target\":[\"https:\\\/\\\/www.viatgeaddictes.com\\\/blog\\\/2014\\\/11\\\/nuevo-paso-preferente-para-familias-con-ninos-pequenos-en-el-aeropuerto-barcelona-el-prat\\\/\"]}]},{\"@type\":\"ImageObject\",\"inLanguage\":\"es\",\"@id\":\"https:\\\/\\\/www.viatgeaddictes.com\\\/blog\\\/2014\\\/11\\\/nuevo-paso-preferente-para-familias-con-ninos-pequenos-en-el-aeropuerto-barcelona-el-prat\\\/#primaryimage\",\"url\":\"https:\\\/\\\/www.viatgeaddictes.com\\\/blog\\\/wp-content\\\/uploads\\\/2014\\\/11\\\/iconaAeroport.png\",\"contentUrl\":\"https:\\\/\\\/www.viatgeaddictes.com\\\/blog\\\/wp-content\\\/uploads\\\/2014\\\/11\\\/iconaAeroport.png\",\"width\":128,\"height\":128,\"caption\":\"Vuelos\"},{\"@type\":\"BreadcrumbList\",\"@id\":\"https:\\\/\\\/www.viatgeaddictes.com\\\/blog\\\/2014\\\/11\\\/nuevo-paso-preferente-para-familias-con-ninos-pequenos-en-el-aeropuerto-barcelona-el-prat\\\/#breadcrumb\",\"itemListElement\":[{\"@type\":\"ListItem\",\"position\":1,\"name\":\"Inici\",\"item\":\"https:\\\/\\\/www.viatgeaddictes.com\\\/blog\\\/\"},{\"@type\":\"ListItem\",\"position\":2,\"name\":\"Nuevo paso preferente para familias con ni\u00f1os peque\u00f1os en el aeropuerto Barcelona-El Prat\"}]},{\"@type\":\"WebSite\",\"@id\":\"https:\\\/\\\/www.viatgeaddictes.com\\\/blog\\\/#website\",\"url\":\"https:\\\/\\\/www.viatgeaddictes.com\\\/blog\\\/\",\"name\":\"Viatgeaddictes - Blog de noticias de viajes y turismo\",\"description\":\"Viatgeaddictes.com, recursos para el viajero independiente\",\"publisher\":{\"@id\":\"https:\\\/\\\/www.viatgeaddictes.com\\\/blog\\\/#\\\/schema\\\/person\\\/37801c6f1a42b1acccc2262e8b9fb40a\"},\"potentialAction\":[{\"@type\":\"SearchAction\",\"target\":{\"@type\":\"EntryPoint\",\"urlTemplate\":\"https:\\\/\\\/www.viatgeaddictes.com\\\/blog\\\/?s={search_term_string}\"},\"query-input\":{\"@type\":\"PropertyValueSpecification\",\"valueRequired\":true,\"valueName\":\"search_term_string\"}}],\"inLanguage\":\"es\"},{\"@type\":[\"Person\",\"Organization\"],\"@id\":\"https:\\\/\\\/www.viatgeaddictes.com\\\/blog\\\/#\\\/schema\\\/person\\\/37801c6f1a42b1acccc2262e8b9fb40a\",\"name\":\"Viatgeaddictes\",\"image\":{\"@type\":\"ImageObject\",\"inLanguage\":\"es\",\"@id\":\"https:\\\/\\\/secure.gravatar.com\\\/avatar\\\/8e539e3957a5de243b927337e71f118ed9f49b85e9cc445b9cb8ac83700f32c6?s=96&d=identicon&r=g\",\"url\":\"https:\\\/\\\/secure.gravatar.com\\\/avatar\\\/8e539e3957a5de243b927337e71f118ed9f49b85e9cc445b9cb8ac83700f32c6?s=96&d=identicon&r=g\",\"contentUrl\":\"https:\\\/\\\/secure.gravatar.com\\\/avatar\\\/8e539e3957a5de243b927337e71f118ed9f49b85e9cc445b9cb8ac83700f32c6?s=96&d=identicon&r=g\",\"caption\":\"Viatgeaddictes\"},\"logo\":{\"@id\":\"https:\\\/\\\/secure.gravatar.com\\\/avatar\\\/8e539e3957a5de243b927337e71f118ed9f49b85e9cc445b9cb8ac83700f32c6?s=96&d=identicon&r=g\"},\"sameAs\":[\"https:\\\/\\\/www.viatgeaddictes.com\",\"facebook.com\\\/viatgeaddictes\",\"instagram.com\\\/viatgeaddictes\",\"https:\\\/\\\/x.com\\\/viatgeaddictes\",\"youtube.com\\\/viatgeaddictes\"],\"url\":\"https:\\\/\\\/www.viatgeaddictes.com\\\/blog\\\/author\\\/viatgeaddictes\\\/\"}]}<\/script>\n<!-- \/ Yoast SEO plugin. -->","yoast_head_json":{"title":"Nuevo paso preferente para familias con ni\u00f1os peque\u00f1os en el aeropuerto Barcelona-El Prat","description":"En la terminal T1 del aeropuerto de Barcelona-El Prat se ha habilitado un nuevo acceso para familias que viajan con ni\u00f1os de corta edad. Se trata de un","robots":{"index":"index","follow":"follow","max-snippet":"max-snippet:-1","max-image-preview":"max-image-preview:large","max-video-preview":"max-video-preview:-1"},"canonical":"https:\/\/www.viatgeaddictes.com\/blog\/2014\/11\/nuevo-paso-preferente-para-familias-con-ninos-pequenos-en-el-aeropuerto-barcelona-el-prat\/","og_locale":"es_ES","og_type":"article","og_title":"Nuevo paso preferente para familias con ni\u00f1os peque\u00f1os en el aeropuerto Barcelona-El Prat","og_description":"En la terminal T1 del aeropuerto de Barcelona-El Prat se ha habilitado un nuevo acceso para familias que viajan con ni\u00f1os de corta edad. Se trata de un","og_url":"https:\/\/www.viatgeaddictes.com\/blog\/2014\/11\/nuevo-paso-preferente-para-familias-con-ninos-pequenos-en-el-aeropuerto-barcelona-el-prat\/","og_site_name":"Blog de noticias de viajes y turismo","article_publisher":"facebook.com\/viatgeaddictes","article_author":"facebook.com\/viatgeaddictes","article_published_time":"2014-11-20T13:18:08+00:00","article_modified_time":"2014-11-20T16:30:20+00:00","og_image":[{"url":"http:\/\/www.viatgeaddictes.com\/blog\/wp-content\/uploads\/2014\/11\/iconaAeroport.png","type":"","width":"","height":""}],"author":"Viatgeaddictes","twitter_card":"summary_large_image","twitter_creator":"@viatgeaddictes","twitter_site":"@viatgeaddictes","twitter_misc":{"Escrito por":"Viatgeaddictes","Tiempo de lectura":"1 minuto"},"schema":{"@context":"https:\/\/schema.org","@graph":[{"@type":"Article","@id":"https:\/\/www.viatgeaddictes.com\/blog\/2014\/11\/nuevo-paso-preferente-para-familias-con-ninos-pequenos-en-el-aeropuerto-barcelona-el-prat\/#article","isPartOf":{"@id":"https:\/\/www.viatgeaddictes.com\/blog\/2014\/11\/nuevo-paso-preferente-para-familias-con-ninos-pequenos-en-el-aeropuerto-barcelona-el-prat\/"},"author":{"name":"Viatgeaddictes","@id":"https:\/\/www.viatgeaddictes.com\/blog\/#\/schema\/person\/37801c6f1a42b1acccc2262e8b9fb40a"},"headline":"Nuevo paso preferente para familias con ni\u00f1os peque\u00f1os en el aeropuerto Barcelona-El Prat","datePublished":"2014-11-20T13:18:08+00:00","dateModified":"2014-11-20T16:30:20+00:00","mainEntityOfPage":{"@id":"https:\/\/www.viatgeaddictes.com\/blog\/2014\/11\/nuevo-paso-preferente-para-familias-con-ninos-pequenos-en-el-aeropuerto-barcelona-el-prat\/"},"wordCount":226,"commentCount":0,"publisher":{"@id":"https:\/\/www.viatgeaddictes.com\/blog\/#\/schema\/person\/37801c6f1a42b1acccc2262e8b9fb40a"},"image":{"@id":"https:\/\/www.viatgeaddictes.com\/blog\/2014\/11\/nuevo-paso-preferente-para-familias-con-ninos-pequenos-en-el-aeropuerto-barcelona-el-prat\/#primaryimage"},"thumbnailUrl":"http:\/\/www.viatgeaddictes.com\/blog\/wp-content\/uploads\/2014\/11\/iconaAeroport.png","keywords":["Barcelona","Catalunya","Europa"],"articleSection":["Aeropuertos","Viajes","Vuelos"],"inLanguage":"es","potentialAction":[{"@type":"CommentAction","name":"Comment","target":["https:\/\/www.viatgeaddictes.com\/blog\/2014\/11\/nuevo-paso-preferente-para-familias-con-ninos-pequenos-en-el-aeropuerto-barcelona-el-prat\/#respond"]}]},{"@type":"WebPage","@id":"https:\/\/www.viatgeaddictes.com\/blog\/2014\/11\/nuevo-paso-preferente-para-familias-con-ninos-pequenos-en-el-aeropuerto-barcelona-el-prat\/","url":"https:\/\/www.viatgeaddictes.com\/blog\/2014\/11\/nuevo-paso-preferente-para-familias-con-ninos-pequenos-en-el-aeropuerto-barcelona-el-prat\/","name":"Nuevo paso preferente para familias con ni\u00f1os peque\u00f1os en el aeropuerto Barcelona-El Prat","isPartOf":{"@id":"https:\/\/www.viatgeaddictes.com\/blog\/#website"},"primaryImageOfPage":{"@id":"https:\/\/www.viatgeaddictes.com\/blog\/2014\/11\/nuevo-paso-preferente-para-familias-con-ninos-pequenos-en-el-aeropuerto-barcelona-el-prat\/#primaryimage"},"image":{"@id":"https:\/\/www.viatgeaddictes.com\/blog\/2014\/11\/nuevo-paso-preferente-para-familias-con-ninos-pequenos-en-el-aeropuerto-barcelona-el-prat\/#primaryimage"},"thumbnailUrl":"http:\/\/www.viatgeaddictes.com\/blog\/wp-content\/uploads\/2014\/11\/iconaAeroport.png","datePublished":"2014-11-20T13:18:08+00:00","dateModified":"2014-11-20T16:30:20+00:00","description":"En la terminal T1 del aeropuerto de Barcelona-El Prat se ha habilitado un nuevo acceso para familias que viajan con ni\u00f1os de corta edad. Se trata de un","breadcrumb":{"@id":"https:\/\/www.viatgeaddictes.com\/blog\/2014\/11\/nuevo-paso-preferente-para-familias-con-ninos-pequenos-en-el-aeropuerto-barcelona-el-prat\/#breadcrumb"},"inLanguage":"es","potentialAction":[{"@type":"ReadAction","target":["https:\/\/www.viatgeaddictes.com\/blog\/2014\/11\/nuevo-paso-preferente-para-familias-con-ninos-pequenos-en-el-aeropuerto-barcelona-el-prat\/"]}]},{"@type":"ImageObject","inLanguage":"es","@id":"https:\/\/www.viatgeaddictes.com\/blog\/2014\/11\/nuevo-paso-preferente-para-familias-con-ninos-pequenos-en-el-aeropuerto-barcelona-el-prat\/#primaryimage","url":"https:\/\/www.viatgeaddictes.com\/blog\/wp-content\/uploads\/2014\/11\/iconaAeroport.png","contentUrl":"https:\/\/www.viatgeaddictes.com\/blog\/wp-content\/uploads\/2014\/11\/iconaAeroport.png","width":128,"height":128,"caption":"Vuelos"},{"@type":"BreadcrumbList","@id":"https:\/\/www.viatgeaddictes.com\/blog\/2014\/11\/nuevo-paso-preferente-para-familias-con-ninos-pequenos-en-el-aeropuerto-barcelona-el-prat\/#breadcrumb","itemListElement":[{"@type":"ListItem","position":1,"name":"Inici","item":"https:\/\/www.viatgeaddictes.com\/blog\/"},{"@type":"ListItem","position":2,"name":"Nuevo paso preferente para familias con ni\u00f1os peque\u00f1os en el aeropuerto Barcelona-El Prat"}]},{"@type":"WebSite","@id":"https:\/\/www.viatgeaddictes.com\/blog\/#website","url":"https:\/\/www.viatgeaddictes.com\/blog\/","name":"Viatgeaddictes - Blog de noticias de viajes y turismo","description":"Viatgeaddictes.com, recursos para el viajero independiente","publisher":{"@id":"https:\/\/www.viatgeaddictes.com\/blog\/#\/schema\/person\/37801c6f1a42b1acccc2262e8b9fb40a"},"potentialAction":[{"@type":"SearchAction","target":{"@type":"EntryPoint","urlTemplate":"https:\/\/www.viatgeaddictes.com\/blog\/?s={search_term_string}"},"query-input":{"@type":"PropertyValueSpecification","valueRequired":true,"valueName":"search_term_string"}}],"inLanguage":"es"},{"@type":["Person","Organization"],"@id":"https:\/\/www.viatgeaddictes.com\/blog\/#\/schema\/person\/37801c6f1a42b1acccc2262e8b9fb40a","name":"Viatgeaddictes","image":{"@type":"ImageObject","inLanguage":"es","@id":"https:\/\/secure.gravatar.com\/avatar\/8e539e3957a5de243b927337e71f118ed9f49b85e9cc445b9cb8ac83700f32c6?s=96&d=identicon&r=g","url":"https:\/\/secure.gravatar.com\/avatar\/8e539e3957a5de243b927337e71f118ed9f49b85e9cc445b9cb8ac83700f32c6?s=96&d=identicon&r=g","contentUrl":"https:\/\/secure.gravatar.com\/avatar\/8e539e3957a5de243b927337e71f118ed9f49b85e9cc445b9cb8ac83700f32c6?s=96&d=identicon&r=g","caption":"Viatgeaddictes"},"logo":{"@id":"https:\/\/secure.gravatar.com\/avatar\/8e539e3957a5de243b927337e71f118ed9f49b85e9cc445b9cb8ac83700f32c6?s=96&d=identicon&r=g"},"sameAs":["https:\/\/www.viatgeaddictes.com","facebook.com\/viatgeaddictes","instagram.com\/viatgeaddictes","https:\/\/x.com\/viatgeaddictes","youtube.com\/viatgeaddictes"],"url":"https:\/\/www.viatgeaddictes.com\/blog\/author\/viatgeaddictes\/"}]}},"jetpack_featured_media_url":"","jetpack_sharing_enabled":true,"jetpack_likes_enabled":true,"_links":{"self":[{"href":"https:\/\/www.viatgeaddictes.com\/blog\/wp-json\/wp\/v2\/posts\/100820","targetHints":{"allow":["GET"]}}],"collection":[{"href":"https:\/\/www.viatgeaddictes.com\/blog\/wp-json\/wp\/v2\/posts"}],"about":[{"href":"https:\/\/www.viatgeaddictes.com\/blog\/wp-json\/wp\/v2\/types\/post"}],"author":[{"embeddable":true,"href":"https:\/\/www.viatgeaddictes.com\/blog\/wp-json\/wp\/v2\/users\/2"}],"replies":[{"embeddable":true,"href":"https:\/\/www.viatgeaddictes.com\/blog\/wp-json\/wp\/v2\/comments?post=100820"}],"version-history":[{"count":0,"href":"https:\/\/www.viatgeaddictes.com\/blog\/wp-json\/wp\/v2\/posts\/100820\/revisions"}],"wp:attachment":[{"href":"https:\/\/www.viatgeaddictes.com\/blog\/wp-json\/wp\/v2\/media?parent=100820"}],"wp:term":[{"taxonomy":"category","embeddable":true,"href":"https:\/\/www.viatgeaddictes.com\/blog\/wp-json\/wp\/v2\/categories?post=100820"},{"taxonomy":"post_tag","embeddable":true,"href":"https:\/\/www.viatgeaddictes.com\/blog\/wp-json\/wp\/v2\/tags?post=100820"}],"curies":[{"name":"wp","href":"https:\/\/api.w.org\/{rel}","templated":true}]}}