{"id":100534,"date":"2013-05-16T14:10:20","date_gmt":"2013-05-16T12:10:20","guid":{"rendered":"http:\/\/www.viatgeaddictes.com\/blog\/?p=534"},"modified":"2013-05-16T15:45:06","modified_gmt":"2013-05-16T13:45:06","slug":"corea-del-sur-reabierto-el-namdaemun-el-principal-tesoro-historico-y-cultural-del-pais","status":"publish","type":"post","link":"https:\/\/www.viatgeaddictes.com\/blog\/2013\/05\/corea-del-sur-reabierto-el-namdaemun-el-principal-tesoro-historico-y-cultural-del-pais\/","title":{"rendered":"COREA DEL SUR &#8211; Reabierto el Namdaemun, el principal tesoro hist\u00f3rico y cultural del pa\u00eds"},"content":{"rendered":"<p><img loading=\"lazy\" decoding=\"async\" class=\"alignleft  wp-image-535\" title=\"Corea del Sur\" src=\"http:\/\/www.viatgeaddictes.com\/blog\/wp-content\/uploads\/2013\/05\/coreab.gif\" alt=\"Corea del Sur\" width=\"75\" height=\"50\" \/>Tras cinco a\u00f1os de trabajos de restauraci\u00f3n masiva, que han costado 23 millones de d\u00f3lares y que han involucrado a unos 35.000 trabajadores, cient\u00edficos, historiadores y artesanos, finalmente, el pasado 4 de mayo reabri\u00f3 al p\u00fablico <a title=\"Namdaemun\" href=\"http:\/\/es.wikipedia.org\/wiki\/Namdaemun\" target=\"_blank\">Sungnyemun<\/a>, una puerta monumental situada en el centro de <strong>Se\u00fal<\/strong> y que est\u00e1 considerado como el principal tesoro nacional surcoreano.<\/p>\n<p>M\u00e1s conocida como <strong>Namdaemun<\/strong> o la <strong>Gran Puerta del Sur<\/strong>, Sungnyemun es el tesoro hist\u00f3rico y cultural m\u00e1s importante de Corea del Sur por sus 600 a\u00f1os de historia, as\u00ed como su papel simb\u00f3lico como protector del rey y de capital.<\/p>\n<p>La parte superior de la puerta monumental qued\u00f3 reducida a escombros despu\u00e9s de que un pir\u00f3mano provocara un incendio en febrero de 2008. El pa\u00eds entero vio a trav\u00e9s de la televisi\u00f3n como este icono hist\u00f3rico ard\u00eda en la noche hasta que el edificio finalmente colaps\u00f3 sobre s\u00ed mismo, a pesar del trabajo fren\u00e9tico de m\u00e1s de 300 bomberos.<\/p>\n<p>Erigida en el a\u00f1o 1398, esta puerta pintada y con mosaicos era el edificio m\u00e1s antiguo de Se\u00fal y hab\u00eda sobrevivido a numerosas invasiones chinas y japonesas. Est\u00e1 situada junto al mayor mercado tradicional de <strong>Corea del Sur<\/strong> y antiguamente era la entrada a la ciudad amurallada. En las \u00faltimas d\u00e9cadas se ha convertido en una popular atracci\u00f3n tur\u00edstica.<\/p>\n<p><strong>Sungnyemun<\/strong> (Namdaemun-ro 4-ga 29, Jung-gu &#8211; Se\u00fal) abre al p\u00fablico de martes a domingo, de 9:00 a 18:00, y cierra los lunes. Cada fin de semana hay tours que permiten visitar la parte superior.<\/p>\n<p>&nbsp;<\/p>\n","protected":false},"excerpt":{"rendered":"<p>Tras cinco a\u00f1os de trabajos de restauraci\u00f3n masiva, que han costado 23 millones de d\u00f3lares y que han involucrado a unos 35.000 trabajadores, cient\u00edficos, historiadores y artesanos, finalmente, el pasado 4 de mayo reabri\u00f3 al p\u00fablico Sungnyemun, una puerta monumental &hellip; <a href=\"https:\/\/www.viatgeaddictes.com\/blog\/2013\/05\/corea-del-sur-reabierto-el-namdaemun-el-principal-tesoro-historico-y-cultural-del-pais\/\">Sigue leyendo <span class=\"meta-nav\">&rarr;<\/span><\/a><\/p>\n","protected":false},"author":2,"featured_media":0,"comment_status":"open","ping_status":"open","sticky":false,"template":"","format":"standard","meta":{"_jetpack_memberships_contains_paid_content":false,"footnotes":""},"categories":[22],"tags":[8,114],"class_list":["post-100534","post","type-post","status-publish","format-standard","hentry","category-curiosidades","tag-asia","tag-corea-del-sur"],"yoast_head":"<!-- This site is optimized with the Yoast SEO plugin v27.5 - https:\/\/yoast.com\/product\/yoast-seo-wordpress\/ -->\n<title>COREA DEL SUR - Reabierto el Namdaemun, el principal tesoro hist\u00f3rico y cultural del pa\u00eds<\/title>\n<meta name=\"description\" content=\"Tras cinco a\u00f1os de trabajos de restauraci\u00f3n masiva, que han costado 23 millones de d\u00f3lares y que han involucrado a unos 35.000 trabajadores, cient\u00edficos,\" \/>\n<meta name=\"robots\" content=\"index, follow, max-snippet:-1, max-image-preview:large, max-video-preview:-1\" \/>\n<link rel=\"canonical\" href=\"https:\/\/www.viatgeaddictes.com\/blog\/2013\/05\/corea-del-sur-reabierto-el-namdaemun-el-principal-tesoro-historico-y-cultural-del-pais\/\" \/>\n<meta property=\"og:locale\" content=\"es_ES\" \/>\n<meta property=\"og:type\" content=\"article\" \/>\n<meta property=\"og:title\" content=\"COREA DEL SUR - Reabierto el Namdaemun, el principal tesoro hist\u00f3rico y cultural del pa\u00eds\" \/>\n<meta property=\"og:description\" content=\"Tras cinco a\u00f1os de trabajos de restauraci\u00f3n masiva, que han costado 23 millones de d\u00f3lares y que han involucrado a unos 35.000 trabajadores, cient\u00edficos,\" \/>\n<meta property=\"og:url\" content=\"https:\/\/www.viatgeaddictes.com\/blog\/2013\/05\/corea-del-sur-reabierto-el-namdaemun-el-principal-tesoro-historico-y-cultural-del-pais\/\" \/>\n<meta property=\"og:site_name\" content=\"Blog de noticias de viajes y turismo\" \/>\n<meta property=\"article:publisher\" content=\"facebook.com\/viatgeaddictes\" \/>\n<meta property=\"article:author\" content=\"facebook.com\/viatgeaddictes\" \/>\n<meta property=\"article:published_time\" content=\"2013-05-16T12:10:20+00:00\" \/>\n<meta property=\"article:modified_time\" content=\"2013-05-16T13:45:06+00:00\" \/>\n<meta property=\"og:image\" content=\"http:\/\/www.viatgeaddictes.com\/blog\/wp-content\/uploads\/2013\/05\/coreab.gif\" \/>\n<meta name=\"author\" content=\"Viatgeaddictes\" \/>\n<meta name=\"twitter:card\" content=\"summary_large_image\" \/>\n<meta name=\"twitter:creator\" content=\"@viatgeaddictes\" \/>\n<meta name=\"twitter:site\" content=\"@viatgeaddictes\" \/>\n<meta name=\"twitter:label1\" content=\"Escrito por\" \/>\n\t<meta name=\"twitter:data1\" content=\"Viatgeaddictes\" \/>\n\t<meta name=\"twitter:label2\" content=\"Tiempo de lectura\" \/>\n\t<meta name=\"twitter:data2\" content=\"1 minuto\" \/>\n<script type=\"application\/ld+json\" class=\"yoast-schema-graph\">{\"@context\":\"https:\\\/\\\/schema.org\",\"@graph\":[{\"@type\":\"Article\",\"@id\":\"https:\\\/\\\/www.viatgeaddictes.com\\\/blog\\\/2013\\\/05\\\/corea-del-sur-reabierto-el-namdaemun-el-principal-tesoro-historico-y-cultural-del-pais\\\/#article\",\"isPartOf\":{\"@id\":\"https:\\\/\\\/www.viatgeaddictes.com\\\/blog\\\/2013\\\/05\\\/corea-del-sur-reabierto-el-namdaemun-el-principal-tesoro-historico-y-cultural-del-pais\\\/\"},\"author\":{\"name\":\"Viatgeaddictes\",\"@id\":\"https:\\\/\\\/www.viatgeaddictes.com\\\/blog\\\/#\\\/schema\\\/person\\\/37801c6f1a42b1acccc2262e8b9fb40a\"},\"headline\":\"COREA DEL SUR &#8211; Reabierto el Namdaemun, el principal tesoro hist\u00f3rico y cultural del pa\u00eds\",\"datePublished\":\"2013-05-16T12:10:20+00:00\",\"dateModified\":\"2013-05-16T13:45:06+00:00\",\"mainEntityOfPage\":{\"@id\":\"https:\\\/\\\/www.viatgeaddictes.com\\\/blog\\\/2013\\\/05\\\/corea-del-sur-reabierto-el-namdaemun-el-principal-tesoro-historico-y-cultural-del-pais\\\/\"},\"wordCount\":286,\"commentCount\":0,\"publisher\":{\"@id\":\"https:\\\/\\\/www.viatgeaddictes.com\\\/blog\\\/#\\\/schema\\\/person\\\/37801c6f1a42b1acccc2262e8b9fb40a\"},\"image\":{\"@id\":\"https:\\\/\\\/www.viatgeaddictes.com\\\/blog\\\/2013\\\/05\\\/corea-del-sur-reabierto-el-namdaemun-el-principal-tesoro-historico-y-cultural-del-pais\\\/#primaryimage\"},\"thumbnailUrl\":\"http:\\\/\\\/www.viatgeaddictes.com\\\/blog\\\/wp-content\\\/uploads\\\/2013\\\/05\\\/coreab.gif\",\"keywords\":[\"Asia\",\"Corea del Sur\"],\"articleSection\":[\"Curiosidades\"],\"inLanguage\":\"es\",\"potentialAction\":[{\"@type\":\"CommentAction\",\"name\":\"Comment\",\"target\":[\"https:\\\/\\\/www.viatgeaddictes.com\\\/blog\\\/2013\\\/05\\\/corea-del-sur-reabierto-el-namdaemun-el-principal-tesoro-historico-y-cultural-del-pais\\\/#respond\"]}]},{\"@type\":\"WebPage\",\"@id\":\"https:\\\/\\\/www.viatgeaddictes.com\\\/blog\\\/2013\\\/05\\\/corea-del-sur-reabierto-el-namdaemun-el-principal-tesoro-historico-y-cultural-del-pais\\\/\",\"url\":\"https:\\\/\\\/www.viatgeaddictes.com\\\/blog\\\/2013\\\/05\\\/corea-del-sur-reabierto-el-namdaemun-el-principal-tesoro-historico-y-cultural-del-pais\\\/\",\"name\":\"COREA DEL SUR - Reabierto el Namdaemun, el principal tesoro hist\u00f3rico y cultural del pa\u00eds\",\"isPartOf\":{\"@id\":\"https:\\\/\\\/www.viatgeaddictes.com\\\/blog\\\/#website\"},\"primaryImageOfPage\":{\"@id\":\"https:\\\/\\\/www.viatgeaddictes.com\\\/blog\\\/2013\\\/05\\\/corea-del-sur-reabierto-el-namdaemun-el-principal-tesoro-historico-y-cultural-del-pais\\\/#primaryimage\"},\"image\":{\"@id\":\"https:\\\/\\\/www.viatgeaddictes.com\\\/blog\\\/2013\\\/05\\\/corea-del-sur-reabierto-el-namdaemun-el-principal-tesoro-historico-y-cultural-del-pais\\\/#primaryimage\"},\"thumbnailUrl\":\"http:\\\/\\\/www.viatgeaddictes.com\\\/blog\\\/wp-content\\\/uploads\\\/2013\\\/05\\\/coreab.gif\",\"datePublished\":\"2013-05-16T12:10:20+00:00\",\"dateModified\":\"2013-05-16T13:45:06+00:00\",\"description\":\"Tras cinco a\u00f1os de trabajos de restauraci\u00f3n masiva, que han costado 23 millones de d\u00f3lares y que han involucrado a unos 35.000 trabajadores, cient\u00edficos,\",\"breadcrumb\":{\"@id\":\"https:\\\/\\\/www.viatgeaddictes.com\\\/blog\\\/2013\\\/05\\\/corea-del-sur-reabierto-el-namdaemun-el-principal-tesoro-historico-y-cultural-del-pais\\\/#breadcrumb\"},\"inLanguage\":\"es\",\"potentialAction\":[{\"@type\":\"ReadAction\",\"target\":[\"https:\\\/\\\/www.viatgeaddictes.com\\\/blog\\\/2013\\\/05\\\/corea-del-sur-reabierto-el-namdaemun-el-principal-tesoro-historico-y-cultural-del-pais\\\/\"]}]},{\"@type\":\"ImageObject\",\"inLanguage\":\"es\",\"@id\":\"https:\\\/\\\/www.viatgeaddictes.com\\\/blog\\\/2013\\\/05\\\/corea-del-sur-reabierto-el-namdaemun-el-principal-tesoro-historico-y-cultural-del-pais\\\/#primaryimage\",\"url\":\"https:\\\/\\\/www.viatgeaddictes.com\\\/blog\\\/wp-content\\\/uploads\\\/2013\\\/05\\\/coreab.gif\",\"contentUrl\":\"https:\\\/\\\/www.viatgeaddictes.com\\\/blog\\\/wp-content\\\/uploads\\\/2013\\\/05\\\/coreab.gif\",\"width\":\"50\",\"height\":\"33\",\"caption\":\"Corea del Sur\"},{\"@type\":\"BreadcrumbList\",\"@id\":\"https:\\\/\\\/www.viatgeaddictes.com\\\/blog\\\/2013\\\/05\\\/corea-del-sur-reabierto-el-namdaemun-el-principal-tesoro-historico-y-cultural-del-pais\\\/#breadcrumb\",\"itemListElement\":[{\"@type\":\"ListItem\",\"position\":1,\"name\":\"Inici\",\"item\":\"https:\\\/\\\/www.viatgeaddictes.com\\\/blog\\\/\"},{\"@type\":\"ListItem\",\"position\":2,\"name\":\"COREA DEL SUR &#8211; Reabierto el Namdaemun, el principal tesoro hist\u00f3rico y cultural del pa\u00eds\"}]},{\"@type\":\"WebSite\",\"@id\":\"https:\\\/\\\/www.viatgeaddictes.com\\\/blog\\\/#website\",\"url\":\"https:\\\/\\\/www.viatgeaddictes.com\\\/blog\\\/\",\"name\":\"Viatgeaddictes - Blog de noticias de viajes y turismo\",\"description\":\"Viatgeaddictes.com, recursos para el viajero independiente\",\"publisher\":{\"@id\":\"https:\\\/\\\/www.viatgeaddictes.com\\\/blog\\\/#\\\/schema\\\/person\\\/37801c6f1a42b1acccc2262e8b9fb40a\"},\"potentialAction\":[{\"@type\":\"SearchAction\",\"target\":{\"@type\":\"EntryPoint\",\"urlTemplate\":\"https:\\\/\\\/www.viatgeaddictes.com\\\/blog\\\/?s={search_term_string}\"},\"query-input\":{\"@type\":\"PropertyValueSpecification\",\"valueRequired\":true,\"valueName\":\"search_term_string\"}}],\"inLanguage\":\"es\"},{\"@type\":[\"Person\",\"Organization\"],\"@id\":\"https:\\\/\\\/www.viatgeaddictes.com\\\/blog\\\/#\\\/schema\\\/person\\\/37801c6f1a42b1acccc2262e8b9fb40a\",\"name\":\"Viatgeaddictes\",\"image\":{\"@type\":\"ImageObject\",\"inLanguage\":\"es\",\"@id\":\"https:\\\/\\\/secure.gravatar.com\\\/avatar\\\/8e539e3957a5de243b927337e71f118ed9f49b85e9cc445b9cb8ac83700f32c6?s=96&d=identicon&r=g\",\"url\":\"https:\\\/\\\/secure.gravatar.com\\\/avatar\\\/8e539e3957a5de243b927337e71f118ed9f49b85e9cc445b9cb8ac83700f32c6?s=96&d=identicon&r=g\",\"contentUrl\":\"https:\\\/\\\/secure.gravatar.com\\\/avatar\\\/8e539e3957a5de243b927337e71f118ed9f49b85e9cc445b9cb8ac83700f32c6?s=96&d=identicon&r=g\",\"caption\":\"Viatgeaddictes\"},\"logo\":{\"@id\":\"https:\\\/\\\/secure.gravatar.com\\\/avatar\\\/8e539e3957a5de243b927337e71f118ed9f49b85e9cc445b9cb8ac83700f32c6?s=96&d=identicon&r=g\"},\"sameAs\":[\"https:\\\/\\\/www.viatgeaddictes.com\",\"facebook.com\\\/viatgeaddictes\",\"instagram.com\\\/viatgeaddictes\",\"https:\\\/\\\/x.com\\\/viatgeaddictes\",\"youtube.com\\\/viatgeaddictes\"],\"url\":\"https:\\\/\\\/www.viatgeaddictes.com\\\/blog\\\/author\\\/viatgeaddictes\\\/\"}]}<\/script>\n<!-- \/ Yoast SEO plugin. -->","yoast_head_json":{"title":"COREA DEL SUR - Reabierto el Namdaemun, el principal tesoro hist\u00f3rico y cultural del pa\u00eds","description":"Tras cinco a\u00f1os de trabajos de restauraci\u00f3n masiva, que han costado 23 millones de d\u00f3lares y que han involucrado a unos 35.000 trabajadores, cient\u00edficos,","robots":{"index":"index","follow":"follow","max-snippet":"max-snippet:-1","max-image-preview":"max-image-preview:large","max-video-preview":"max-video-preview:-1"},"canonical":"https:\/\/www.viatgeaddictes.com\/blog\/2013\/05\/corea-del-sur-reabierto-el-namdaemun-el-principal-tesoro-historico-y-cultural-del-pais\/","og_locale":"es_ES","og_type":"article","og_title":"COREA DEL SUR - Reabierto el Namdaemun, el principal tesoro hist\u00f3rico y cultural del pa\u00eds","og_description":"Tras cinco a\u00f1os de trabajos de restauraci\u00f3n masiva, que han costado 23 millones de d\u00f3lares y que han involucrado a unos 35.000 trabajadores, cient\u00edficos,","og_url":"https:\/\/www.viatgeaddictes.com\/blog\/2013\/05\/corea-del-sur-reabierto-el-namdaemun-el-principal-tesoro-historico-y-cultural-del-pais\/","og_site_name":"Blog de noticias de viajes y turismo","article_publisher":"facebook.com\/viatgeaddictes","article_author":"facebook.com\/viatgeaddictes","article_published_time":"2013-05-16T12:10:20+00:00","article_modified_time":"2013-05-16T13:45:06+00:00","og_image":[{"url":"http:\/\/www.viatgeaddictes.com\/blog\/wp-content\/uploads\/2013\/05\/coreab.gif","type":"","width":"","height":""}],"author":"Viatgeaddictes","twitter_card":"summary_large_image","twitter_creator":"@viatgeaddictes","twitter_site":"@viatgeaddictes","twitter_misc":{"Escrito por":"Viatgeaddictes","Tiempo de lectura":"1 minuto"},"schema":{"@context":"https:\/\/schema.org","@graph":[{"@type":"Article","@id":"https:\/\/www.viatgeaddictes.com\/blog\/2013\/05\/corea-del-sur-reabierto-el-namdaemun-el-principal-tesoro-historico-y-cultural-del-pais\/#article","isPartOf":{"@id":"https:\/\/www.viatgeaddictes.com\/blog\/2013\/05\/corea-del-sur-reabierto-el-namdaemun-el-principal-tesoro-historico-y-cultural-del-pais\/"},"author":{"name":"Viatgeaddictes","@id":"https:\/\/www.viatgeaddictes.com\/blog\/#\/schema\/person\/37801c6f1a42b1acccc2262e8b9fb40a"},"headline":"COREA DEL SUR &#8211; Reabierto el Namdaemun, el principal tesoro hist\u00f3rico y cultural del pa\u00eds","datePublished":"2013-05-16T12:10:20+00:00","dateModified":"2013-05-16T13:45:06+00:00","mainEntityOfPage":{"@id":"https:\/\/www.viatgeaddictes.com\/blog\/2013\/05\/corea-del-sur-reabierto-el-namdaemun-el-principal-tesoro-historico-y-cultural-del-pais\/"},"wordCount":286,"commentCount":0,"publisher":{"@id":"https:\/\/www.viatgeaddictes.com\/blog\/#\/schema\/person\/37801c6f1a42b1acccc2262e8b9fb40a"},"image":{"@id":"https:\/\/www.viatgeaddictes.com\/blog\/2013\/05\/corea-del-sur-reabierto-el-namdaemun-el-principal-tesoro-historico-y-cultural-del-pais\/#primaryimage"},"thumbnailUrl":"http:\/\/www.viatgeaddictes.com\/blog\/wp-content\/uploads\/2013\/05\/coreab.gif","keywords":["Asia","Corea del Sur"],"articleSection":["Curiosidades"],"inLanguage":"es","potentialAction":[{"@type":"CommentAction","name":"Comment","target":["https:\/\/www.viatgeaddictes.com\/blog\/2013\/05\/corea-del-sur-reabierto-el-namdaemun-el-principal-tesoro-historico-y-cultural-del-pais\/#respond"]}]},{"@type":"WebPage","@id":"https:\/\/www.viatgeaddictes.com\/blog\/2013\/05\/corea-del-sur-reabierto-el-namdaemun-el-principal-tesoro-historico-y-cultural-del-pais\/","url":"https:\/\/www.viatgeaddictes.com\/blog\/2013\/05\/corea-del-sur-reabierto-el-namdaemun-el-principal-tesoro-historico-y-cultural-del-pais\/","name":"COREA DEL SUR - Reabierto el Namdaemun, el principal tesoro hist\u00f3rico y cultural del pa\u00eds","isPartOf":{"@id":"https:\/\/www.viatgeaddictes.com\/blog\/#website"},"primaryImageOfPage":{"@id":"https:\/\/www.viatgeaddictes.com\/blog\/2013\/05\/corea-del-sur-reabierto-el-namdaemun-el-principal-tesoro-historico-y-cultural-del-pais\/#primaryimage"},"image":{"@id":"https:\/\/www.viatgeaddictes.com\/blog\/2013\/05\/corea-del-sur-reabierto-el-namdaemun-el-principal-tesoro-historico-y-cultural-del-pais\/#primaryimage"},"thumbnailUrl":"http:\/\/www.viatgeaddictes.com\/blog\/wp-content\/uploads\/2013\/05\/coreab.gif","datePublished":"2013-05-16T12:10:20+00:00","dateModified":"2013-05-16T13:45:06+00:00","description":"Tras cinco a\u00f1os de trabajos de restauraci\u00f3n masiva, que han costado 23 millones de d\u00f3lares y que han involucrado a unos 35.000 trabajadores, cient\u00edficos,","breadcrumb":{"@id":"https:\/\/www.viatgeaddictes.com\/blog\/2013\/05\/corea-del-sur-reabierto-el-namdaemun-el-principal-tesoro-historico-y-cultural-del-pais\/#breadcrumb"},"inLanguage":"es","potentialAction":[{"@type":"ReadAction","target":["https:\/\/www.viatgeaddictes.com\/blog\/2013\/05\/corea-del-sur-reabierto-el-namdaemun-el-principal-tesoro-historico-y-cultural-del-pais\/"]}]},{"@type":"ImageObject","inLanguage":"es","@id":"https:\/\/www.viatgeaddictes.com\/blog\/2013\/05\/corea-del-sur-reabierto-el-namdaemun-el-principal-tesoro-historico-y-cultural-del-pais\/#primaryimage","url":"https:\/\/www.viatgeaddictes.com\/blog\/wp-content\/uploads\/2013\/05\/coreab.gif","contentUrl":"https:\/\/www.viatgeaddictes.com\/blog\/wp-content\/uploads\/2013\/05\/coreab.gif","width":"50","height":"33","caption":"Corea del Sur"},{"@type":"BreadcrumbList","@id":"https:\/\/www.viatgeaddictes.com\/blog\/2013\/05\/corea-del-sur-reabierto-el-namdaemun-el-principal-tesoro-historico-y-cultural-del-pais\/#breadcrumb","itemListElement":[{"@type":"ListItem","position":1,"name":"Inici","item":"https:\/\/www.viatgeaddictes.com\/blog\/"},{"@type":"ListItem","position":2,"name":"COREA DEL SUR &#8211; Reabierto el Namdaemun, el principal tesoro hist\u00f3rico y cultural del pa\u00eds"}]},{"@type":"WebSite","@id":"https:\/\/www.viatgeaddictes.com\/blog\/#website","url":"https:\/\/www.viatgeaddictes.com\/blog\/","name":"Viatgeaddictes - Blog de noticias de viajes y turismo","description":"Viatgeaddictes.com, recursos para el viajero independiente","publisher":{"@id":"https:\/\/www.viatgeaddictes.com\/blog\/#\/schema\/person\/37801c6f1a42b1acccc2262e8b9fb40a"},"potentialAction":[{"@type":"SearchAction","target":{"@type":"EntryPoint","urlTemplate":"https:\/\/www.viatgeaddictes.com\/blog\/?s={search_term_string}"},"query-input":{"@type":"PropertyValueSpecification","valueRequired":true,"valueName":"search_term_string"}}],"inLanguage":"es"},{"@type":["Person","Organization"],"@id":"https:\/\/www.viatgeaddictes.com\/blog\/#\/schema\/person\/37801c6f1a42b1acccc2262e8b9fb40a","name":"Viatgeaddictes","image":{"@type":"ImageObject","inLanguage":"es","@id":"https:\/\/secure.gravatar.com\/avatar\/8e539e3957a5de243b927337e71f118ed9f49b85e9cc445b9cb8ac83700f32c6?s=96&d=identicon&r=g","url":"https:\/\/secure.gravatar.com\/avatar\/8e539e3957a5de243b927337e71f118ed9f49b85e9cc445b9cb8ac83700f32c6?s=96&d=identicon&r=g","contentUrl":"https:\/\/secure.gravatar.com\/avatar\/8e539e3957a5de243b927337e71f118ed9f49b85e9cc445b9cb8ac83700f32c6?s=96&d=identicon&r=g","caption":"Viatgeaddictes"},"logo":{"@id":"https:\/\/secure.gravatar.com\/avatar\/8e539e3957a5de243b927337e71f118ed9f49b85e9cc445b9cb8ac83700f32c6?s=96&d=identicon&r=g"},"sameAs":["https:\/\/www.viatgeaddictes.com","facebook.com\/viatgeaddictes","instagram.com\/viatgeaddictes","https:\/\/x.com\/viatgeaddictes","youtube.com\/viatgeaddictes"],"url":"https:\/\/www.viatgeaddictes.com\/blog\/author\/viatgeaddictes\/"}]}},"jetpack_featured_media_url":"","jetpack_sharing_enabled":true,"jetpack_likes_enabled":true,"_links":{"self":[{"href":"https:\/\/www.viatgeaddictes.com\/blog\/wp-json\/wp\/v2\/posts\/100534","targetHints":{"allow":["GET"]}}],"collection":[{"href":"https:\/\/www.viatgeaddictes.com\/blog\/wp-json\/wp\/v2\/posts"}],"about":[{"href":"https:\/\/www.viatgeaddictes.com\/blog\/wp-json\/wp\/v2\/types\/post"}],"author":[{"embeddable":true,"href":"https:\/\/www.viatgeaddictes.com\/blog\/wp-json\/wp\/v2\/users\/2"}],"replies":[{"embeddable":true,"href":"https:\/\/www.viatgeaddictes.com\/blog\/wp-json\/wp\/v2\/comments?post=100534"}],"version-history":[{"count":0,"href":"https:\/\/www.viatgeaddictes.com\/blog\/wp-json\/wp\/v2\/posts\/100534\/revisions"}],"wp:attachment":[{"href":"https:\/\/www.viatgeaddictes.com\/blog\/wp-json\/wp\/v2\/media?parent=100534"}],"wp:term":[{"taxonomy":"category","embeddable":true,"href":"https:\/\/www.viatgeaddictes.com\/blog\/wp-json\/wp\/v2\/categories?post=100534"},{"taxonomy":"post_tag","embeddable":true,"href":"https:\/\/www.viatgeaddictes.com\/blog\/wp-json\/wp\/v2\/tags?post=100534"}],"curies":[{"name":"wp","href":"https:\/\/api.w.org\/{rel}","templated":true}]}}