{"id":100438,"date":"2013-03-04T22:00:01","date_gmt":"2013-03-04T20:00:01","guid":{"rendered":"http:\/\/www.viatgeaddictes.com\/blog\/?p=438"},"modified":"2013-03-05T18:44:08","modified_gmt":"2013-03-05T16:44:08","slug":"espana-vuelta-a-las-raices-en-la-mancha","status":"publish","type":"post","link":"https:\/\/www.viatgeaddictes.com\/blog\/2013\/03\/espana-vuelta-a-las-raices-en-la-mancha\/","title":{"rendered":"ESPA\u00d1A &#8211; Vuelta a las ra\u00edces en La Mancha"},"content":{"rendered":"<p>Cada vez nos estamos ahogando m\u00e1s y m\u00e1s en ciudades donde el espacio est\u00e1 siempre limitado y as\u00ed tambi\u00e9n las \u00e1reas libres en las que poder relajarse y alejarse del ruido y del estr\u00e9s. As\u00ed nos olvidamos poco a poco de nuestras ra\u00edces, de buscar en los viejos horizontes del centro de nuestra Pen\u00ednsula personal aquellas razones por las que nos levant\u00e1bamos cada ma\u00f1ana. Ah\u00ed donde Quijote luch\u00f3 contra los invisibles enemigos que han amenazado siempre nuestras tierras existe ese para\u00edso olvidado por tantos, esperando reseco a ser reinventado por otros Cervantes.<\/p>\n<p>Cerca de las peque\u00f1as colinas en las que se alzan los \u00fanicos testigos del volar del tiempo sobre esas tierras, un poco m\u00e1s protegida est\u00e1 <strong>Toledo<\/strong>, alz\u00e1ndose sobre ellos y sobre sus aires de superioridad, en plena ruta quijotiana \u00a0donde pueden encontrarse a\u00fan los muros de una ciudad medieval que a\u00fan conserva las armas y algunas de las posadas que pudieron haber acogido al compa\u00f1ero de Sancho o a su amada Dulcinea.<\/p>\n<p>No mucho m\u00e1s all\u00e1, en <strong>Esquivias<\/strong> se pueden <a href=\"http:\/\/www.groupon.es\/ofertas\" target=\"_blank\">encontrar m\u00e1s ofertas<\/a> en alojamiento en lugares no menos m\u00edticos. Si bien hacerse una ruta en caballo como nuestro ficticio ancestro ser\u00eda un poco dif\u00edcil, no lo es tanto hacerlo su f\u00e9rrea hermana, la bicicleta. Pues la\u00a0<a href=\"http:\/\/www.groupon.es\/ofertas\/viajes\/escapadas\/excursiones\" target=\"_blank\">oferta en excursiones<\/a> a seguir son tan innumerables como variadas.<\/p>\n<p><strong>La Mancha<\/strong> cuenta no solo con sus inmensas planicies llenas de cultivos vin\u00edcolas y de cereales, sino que tambi\u00e9n tiene zonas m\u00e1s pantanosas como las <strong>Lagunas de Ruidera<\/strong> y aunque en mota\u00f1osidad anda escasa, si que se encuentran ciertos cambios de nivel que pondr\u00e1n a prueba a los m\u00e1s entrenados ciclistas, pero que tambi\u00e9n pueden ser evitados por aquellos quienes no tengan tan altas pretensiones.<\/p>\n","protected":false},"excerpt":{"rendered":"<p>Cada vez nos estamos ahogando m\u00e1s y m\u00e1s en ciudades donde el espacio est\u00e1 siempre limitado y as\u00ed tambi\u00e9n las \u00e1reas libres en las que poder relajarse y alejarse del ruido y del estr\u00e9s. As\u00ed nos olvidamos poco a poco &hellip; <a href=\"https:\/\/www.viatgeaddictes.com\/blog\/2013\/03\/espana-vuelta-a-las-raices-en-la-mancha\/\">Sigue leyendo <span class=\"meta-nav\">&rarr;<\/span><\/a><\/p>\n","protected":false},"author":2,"featured_media":0,"comment_status":"open","ping_status":"open","sticky":false,"template":"","format":"standard","meta":{"_jetpack_memberships_contains_paid_content":false,"footnotes":""},"categories":[104],"tags":[57,105],"class_list":["post-100438","post","type-post","status-publish","format-standard","hentry","category-publicidad","tag-espana","tag-la-mancha"],"yoast_head":"<!-- This site is optimized with the Yoast SEO plugin v27.5 - https:\/\/yoast.com\/product\/yoast-seo-wordpress\/ -->\n<title>ESPA\u00d1A - Vuelta a las ra\u00edces en La Mancha<\/title>\n<meta name=\"description\" content=\"Cada vez nos estamos ahogando m\u00e1s y m\u00e1s en ciudades donde el espacio est\u00e1 siempre limitado y as\u00ed tambi\u00e9n las \u00e1reas libres en las que poder relajarse y\" \/>\n<meta name=\"robots\" content=\"index, follow, max-snippet:-1, max-image-preview:large, max-video-preview:-1\" \/>\n<link rel=\"canonical\" href=\"https:\/\/www.viatgeaddictes.com\/blog\/2013\/03\/espana-vuelta-a-las-raices-en-la-mancha\/\" \/>\n<meta property=\"og:locale\" content=\"es_ES\" \/>\n<meta property=\"og:type\" content=\"article\" \/>\n<meta property=\"og:title\" content=\"ESPA\u00d1A - Vuelta a las ra\u00edces en La Mancha\" \/>\n<meta property=\"og:description\" content=\"Cada vez nos estamos ahogando m\u00e1s y m\u00e1s en ciudades donde el espacio est\u00e1 siempre limitado y as\u00ed tambi\u00e9n las \u00e1reas libres en las que poder relajarse y\" \/>\n<meta property=\"og:url\" content=\"https:\/\/www.viatgeaddictes.com\/blog\/2013\/03\/espana-vuelta-a-las-raices-en-la-mancha\/\" \/>\n<meta property=\"og:site_name\" content=\"Blog de noticias de viajes y turismo\" \/>\n<meta property=\"article:publisher\" content=\"facebook.com\/viatgeaddictes\" \/>\n<meta property=\"article:author\" content=\"facebook.com\/viatgeaddictes\" \/>\n<meta property=\"article:published_time\" content=\"2013-03-04T20:00:01+00:00\" \/>\n<meta property=\"article:modified_time\" content=\"2013-03-05T16:44:08+00:00\" \/>\n<meta name=\"author\" content=\"Viatgeaddictes\" \/>\n<meta name=\"twitter:card\" content=\"summary_large_image\" \/>\n<meta name=\"twitter:creator\" content=\"@viatgeaddictes\" \/>\n<meta name=\"twitter:site\" content=\"@viatgeaddictes\" \/>\n<meta name=\"twitter:label1\" content=\"Escrito por\" \/>\n\t<meta name=\"twitter:data1\" content=\"Viatgeaddictes\" \/>\n\t<meta name=\"twitter:label2\" content=\"Tiempo de lectura\" \/>\n\t<meta name=\"twitter:data2\" content=\"2 minutos\" \/>\n<script type=\"application\/ld+json\" class=\"yoast-schema-graph\">{\"@context\":\"https:\\\/\\\/schema.org\",\"@graph\":[{\"@type\":\"Article\",\"@id\":\"https:\\\/\\\/www.viatgeaddictes.com\\\/blog\\\/2013\\\/03\\\/espana-vuelta-a-las-raices-en-la-mancha\\\/#article\",\"isPartOf\":{\"@id\":\"https:\\\/\\\/www.viatgeaddictes.com\\\/blog\\\/2013\\\/03\\\/espana-vuelta-a-las-raices-en-la-mancha\\\/\"},\"author\":{\"name\":\"Viatgeaddictes\",\"@id\":\"https:\\\/\\\/www.viatgeaddictes.com\\\/blog\\\/#\\\/schema\\\/person\\\/37801c6f1a42b1acccc2262e8b9fb40a\"},\"headline\":\"ESPA\u00d1A &#8211; Vuelta a las ra\u00edces en La Mancha\",\"datePublished\":\"2013-03-04T20:00:01+00:00\",\"dateModified\":\"2013-03-05T16:44:08+00:00\",\"mainEntityOfPage\":{\"@id\":\"https:\\\/\\\/www.viatgeaddictes.com\\\/blog\\\/2013\\\/03\\\/espana-vuelta-a-las-raices-en-la-mancha\\\/\"},\"wordCount\":323,\"commentCount\":0,\"publisher\":{\"@id\":\"https:\\\/\\\/www.viatgeaddictes.com\\\/blog\\\/#\\\/schema\\\/person\\\/37801c6f1a42b1acccc2262e8b9fb40a\"},\"keywords\":[\"Espa\u00f1a\",\"La Mancha\"],\"articleSection\":[\"Publicidad\"],\"inLanguage\":\"es\",\"potentialAction\":[{\"@type\":\"CommentAction\",\"name\":\"Comment\",\"target\":[\"https:\\\/\\\/www.viatgeaddictes.com\\\/blog\\\/2013\\\/03\\\/espana-vuelta-a-las-raices-en-la-mancha\\\/#respond\"]}]},{\"@type\":\"WebPage\",\"@id\":\"https:\\\/\\\/www.viatgeaddictes.com\\\/blog\\\/2013\\\/03\\\/espana-vuelta-a-las-raices-en-la-mancha\\\/\",\"url\":\"https:\\\/\\\/www.viatgeaddictes.com\\\/blog\\\/2013\\\/03\\\/espana-vuelta-a-las-raices-en-la-mancha\\\/\",\"name\":\"ESPA\u00d1A - Vuelta a las ra\u00edces en La Mancha\",\"isPartOf\":{\"@id\":\"https:\\\/\\\/www.viatgeaddictes.com\\\/blog\\\/#website\"},\"datePublished\":\"2013-03-04T20:00:01+00:00\",\"dateModified\":\"2013-03-05T16:44:08+00:00\",\"description\":\"Cada vez nos estamos ahogando m\u00e1s y m\u00e1s en ciudades donde el espacio est\u00e1 siempre limitado y as\u00ed tambi\u00e9n las \u00e1reas libres en las que poder relajarse y\",\"breadcrumb\":{\"@id\":\"https:\\\/\\\/www.viatgeaddictes.com\\\/blog\\\/2013\\\/03\\\/espana-vuelta-a-las-raices-en-la-mancha\\\/#breadcrumb\"},\"inLanguage\":\"es\",\"potentialAction\":[{\"@type\":\"ReadAction\",\"target\":[\"https:\\\/\\\/www.viatgeaddictes.com\\\/blog\\\/2013\\\/03\\\/espana-vuelta-a-las-raices-en-la-mancha\\\/\"]}]},{\"@type\":\"BreadcrumbList\",\"@id\":\"https:\\\/\\\/www.viatgeaddictes.com\\\/blog\\\/2013\\\/03\\\/espana-vuelta-a-las-raices-en-la-mancha\\\/#breadcrumb\",\"itemListElement\":[{\"@type\":\"ListItem\",\"position\":1,\"name\":\"Inici\",\"item\":\"https:\\\/\\\/www.viatgeaddictes.com\\\/blog\\\/\"},{\"@type\":\"ListItem\",\"position\":2,\"name\":\"ESPA\u00d1A &#8211; Vuelta a las ra\u00edces en La Mancha\"}]},{\"@type\":\"WebSite\",\"@id\":\"https:\\\/\\\/www.viatgeaddictes.com\\\/blog\\\/#website\",\"url\":\"https:\\\/\\\/www.viatgeaddictes.com\\\/blog\\\/\",\"name\":\"Viatgeaddictes - Blog de noticias de viajes y turismo\",\"description\":\"Viatgeaddictes.com, recursos para el viajero independiente\",\"publisher\":{\"@id\":\"https:\\\/\\\/www.viatgeaddictes.com\\\/blog\\\/#\\\/schema\\\/person\\\/37801c6f1a42b1acccc2262e8b9fb40a\"},\"potentialAction\":[{\"@type\":\"SearchAction\",\"target\":{\"@type\":\"EntryPoint\",\"urlTemplate\":\"https:\\\/\\\/www.viatgeaddictes.com\\\/blog\\\/?s={search_term_string}\"},\"query-input\":{\"@type\":\"PropertyValueSpecification\",\"valueRequired\":true,\"valueName\":\"search_term_string\"}}],\"inLanguage\":\"es\"},{\"@type\":[\"Person\",\"Organization\"],\"@id\":\"https:\\\/\\\/www.viatgeaddictes.com\\\/blog\\\/#\\\/schema\\\/person\\\/37801c6f1a42b1acccc2262e8b9fb40a\",\"name\":\"Viatgeaddictes\",\"image\":{\"@type\":\"ImageObject\",\"inLanguage\":\"es\",\"@id\":\"https:\\\/\\\/secure.gravatar.com\\\/avatar\\\/8e539e3957a5de243b927337e71f118ed9f49b85e9cc445b9cb8ac83700f32c6?s=96&d=identicon&r=g\",\"url\":\"https:\\\/\\\/secure.gravatar.com\\\/avatar\\\/8e539e3957a5de243b927337e71f118ed9f49b85e9cc445b9cb8ac83700f32c6?s=96&d=identicon&r=g\",\"contentUrl\":\"https:\\\/\\\/secure.gravatar.com\\\/avatar\\\/8e539e3957a5de243b927337e71f118ed9f49b85e9cc445b9cb8ac83700f32c6?s=96&d=identicon&r=g\",\"caption\":\"Viatgeaddictes\"},\"logo\":{\"@id\":\"https:\\\/\\\/secure.gravatar.com\\\/avatar\\\/8e539e3957a5de243b927337e71f118ed9f49b85e9cc445b9cb8ac83700f32c6?s=96&d=identicon&r=g\"},\"sameAs\":[\"https:\\\/\\\/www.viatgeaddictes.com\",\"facebook.com\\\/viatgeaddictes\",\"instagram.com\\\/viatgeaddictes\",\"https:\\\/\\\/x.com\\\/viatgeaddictes\",\"youtube.com\\\/viatgeaddictes\"],\"url\":\"https:\\\/\\\/www.viatgeaddictes.com\\\/blog\\\/author\\\/viatgeaddictes\\\/\"}]}<\/script>\n<!-- \/ Yoast SEO plugin. -->","yoast_head_json":{"title":"ESPA\u00d1A - Vuelta a las ra\u00edces en La Mancha","description":"Cada vez nos estamos ahogando m\u00e1s y m\u00e1s en ciudades donde el espacio est\u00e1 siempre limitado y as\u00ed tambi\u00e9n las \u00e1reas libres en las que poder relajarse y","robots":{"index":"index","follow":"follow","max-snippet":"max-snippet:-1","max-image-preview":"max-image-preview:large","max-video-preview":"max-video-preview:-1"},"canonical":"https:\/\/www.viatgeaddictes.com\/blog\/2013\/03\/espana-vuelta-a-las-raices-en-la-mancha\/","og_locale":"es_ES","og_type":"article","og_title":"ESPA\u00d1A - Vuelta a las ra\u00edces en La Mancha","og_description":"Cada vez nos estamos ahogando m\u00e1s y m\u00e1s en ciudades donde el espacio est\u00e1 siempre limitado y as\u00ed tambi\u00e9n las \u00e1reas libres en las que poder relajarse y","og_url":"https:\/\/www.viatgeaddictes.com\/blog\/2013\/03\/espana-vuelta-a-las-raices-en-la-mancha\/","og_site_name":"Blog de noticias de viajes y turismo","article_publisher":"facebook.com\/viatgeaddictes","article_author":"facebook.com\/viatgeaddictes","article_published_time":"2013-03-04T20:00:01+00:00","article_modified_time":"2013-03-05T16:44:08+00:00","author":"Viatgeaddictes","twitter_card":"summary_large_image","twitter_creator":"@viatgeaddictes","twitter_site":"@viatgeaddictes","twitter_misc":{"Escrito por":"Viatgeaddictes","Tiempo de lectura":"2 minutos"},"schema":{"@context":"https:\/\/schema.org","@graph":[{"@type":"Article","@id":"https:\/\/www.viatgeaddictes.com\/blog\/2013\/03\/espana-vuelta-a-las-raices-en-la-mancha\/#article","isPartOf":{"@id":"https:\/\/www.viatgeaddictes.com\/blog\/2013\/03\/espana-vuelta-a-las-raices-en-la-mancha\/"},"author":{"name":"Viatgeaddictes","@id":"https:\/\/www.viatgeaddictes.com\/blog\/#\/schema\/person\/37801c6f1a42b1acccc2262e8b9fb40a"},"headline":"ESPA\u00d1A &#8211; Vuelta a las ra\u00edces en La Mancha","datePublished":"2013-03-04T20:00:01+00:00","dateModified":"2013-03-05T16:44:08+00:00","mainEntityOfPage":{"@id":"https:\/\/www.viatgeaddictes.com\/blog\/2013\/03\/espana-vuelta-a-las-raices-en-la-mancha\/"},"wordCount":323,"commentCount":0,"publisher":{"@id":"https:\/\/www.viatgeaddictes.com\/blog\/#\/schema\/person\/37801c6f1a42b1acccc2262e8b9fb40a"},"keywords":["Espa\u00f1a","La Mancha"],"articleSection":["Publicidad"],"inLanguage":"es","potentialAction":[{"@type":"CommentAction","name":"Comment","target":["https:\/\/www.viatgeaddictes.com\/blog\/2013\/03\/espana-vuelta-a-las-raices-en-la-mancha\/#respond"]}]},{"@type":"WebPage","@id":"https:\/\/www.viatgeaddictes.com\/blog\/2013\/03\/espana-vuelta-a-las-raices-en-la-mancha\/","url":"https:\/\/www.viatgeaddictes.com\/blog\/2013\/03\/espana-vuelta-a-las-raices-en-la-mancha\/","name":"ESPA\u00d1A - Vuelta a las ra\u00edces en La Mancha","isPartOf":{"@id":"https:\/\/www.viatgeaddictes.com\/blog\/#website"},"datePublished":"2013-03-04T20:00:01+00:00","dateModified":"2013-03-05T16:44:08+00:00","description":"Cada vez nos estamos ahogando m\u00e1s y m\u00e1s en ciudades donde el espacio est\u00e1 siempre limitado y as\u00ed tambi\u00e9n las \u00e1reas libres en las que poder relajarse y","breadcrumb":{"@id":"https:\/\/www.viatgeaddictes.com\/blog\/2013\/03\/espana-vuelta-a-las-raices-en-la-mancha\/#breadcrumb"},"inLanguage":"es","potentialAction":[{"@type":"ReadAction","target":["https:\/\/www.viatgeaddictes.com\/blog\/2013\/03\/espana-vuelta-a-las-raices-en-la-mancha\/"]}]},{"@type":"BreadcrumbList","@id":"https:\/\/www.viatgeaddictes.com\/blog\/2013\/03\/espana-vuelta-a-las-raices-en-la-mancha\/#breadcrumb","itemListElement":[{"@type":"ListItem","position":1,"name":"Inici","item":"https:\/\/www.viatgeaddictes.com\/blog\/"},{"@type":"ListItem","position":2,"name":"ESPA\u00d1A &#8211; Vuelta a las ra\u00edces en La Mancha"}]},{"@type":"WebSite","@id":"https:\/\/www.viatgeaddictes.com\/blog\/#website","url":"https:\/\/www.viatgeaddictes.com\/blog\/","name":"Viatgeaddictes - Blog de noticias de viajes y turismo","description":"Viatgeaddictes.com, recursos para el viajero independiente","publisher":{"@id":"https:\/\/www.viatgeaddictes.com\/blog\/#\/schema\/person\/37801c6f1a42b1acccc2262e8b9fb40a"},"potentialAction":[{"@type":"SearchAction","target":{"@type":"EntryPoint","urlTemplate":"https:\/\/www.viatgeaddictes.com\/blog\/?s={search_term_string}"},"query-input":{"@type":"PropertyValueSpecification","valueRequired":true,"valueName":"search_term_string"}}],"inLanguage":"es"},{"@type":["Person","Organization"],"@id":"https:\/\/www.viatgeaddictes.com\/blog\/#\/schema\/person\/37801c6f1a42b1acccc2262e8b9fb40a","name":"Viatgeaddictes","image":{"@type":"ImageObject","inLanguage":"es","@id":"https:\/\/secure.gravatar.com\/avatar\/8e539e3957a5de243b927337e71f118ed9f49b85e9cc445b9cb8ac83700f32c6?s=96&d=identicon&r=g","url":"https:\/\/secure.gravatar.com\/avatar\/8e539e3957a5de243b927337e71f118ed9f49b85e9cc445b9cb8ac83700f32c6?s=96&d=identicon&r=g","contentUrl":"https:\/\/secure.gravatar.com\/avatar\/8e539e3957a5de243b927337e71f118ed9f49b85e9cc445b9cb8ac83700f32c6?s=96&d=identicon&r=g","caption":"Viatgeaddictes"},"logo":{"@id":"https:\/\/secure.gravatar.com\/avatar\/8e539e3957a5de243b927337e71f118ed9f49b85e9cc445b9cb8ac83700f32c6?s=96&d=identicon&r=g"},"sameAs":["https:\/\/www.viatgeaddictes.com","facebook.com\/viatgeaddictes","instagram.com\/viatgeaddictes","https:\/\/x.com\/viatgeaddictes","youtube.com\/viatgeaddictes"],"url":"https:\/\/www.viatgeaddictes.com\/blog\/author\/viatgeaddictes\/"}]}},"jetpack_featured_media_url":"","jetpack_sharing_enabled":true,"jetpack_likes_enabled":true,"_links":{"self":[{"href":"https:\/\/www.viatgeaddictes.com\/blog\/wp-json\/wp\/v2\/posts\/100438","targetHints":{"allow":["GET"]}}],"collection":[{"href":"https:\/\/www.viatgeaddictes.com\/blog\/wp-json\/wp\/v2\/posts"}],"about":[{"href":"https:\/\/www.viatgeaddictes.com\/blog\/wp-json\/wp\/v2\/types\/post"}],"author":[{"embeddable":true,"href":"https:\/\/www.viatgeaddictes.com\/blog\/wp-json\/wp\/v2\/users\/2"}],"replies":[{"embeddable":true,"href":"https:\/\/www.viatgeaddictes.com\/blog\/wp-json\/wp\/v2\/comments?post=100438"}],"version-history":[{"count":0,"href":"https:\/\/www.viatgeaddictes.com\/blog\/wp-json\/wp\/v2\/posts\/100438\/revisions"}],"wp:attachment":[{"href":"https:\/\/www.viatgeaddictes.com\/blog\/wp-json\/wp\/v2\/media?parent=100438"}],"wp:term":[{"taxonomy":"category","embeddable":true,"href":"https:\/\/www.viatgeaddictes.com\/blog\/wp-json\/wp\/v2\/categories?post=100438"},{"taxonomy":"post_tag","embeddable":true,"href":"https:\/\/www.viatgeaddictes.com\/blog\/wp-json\/wp\/v2\/tags?post=100438"}],"curies":[{"name":"wp","href":"https:\/\/api.w.org\/{rel}","templated":true}]}}