{"id":100410,"date":"2013-01-30T14:13:21","date_gmt":"2013-01-30T12:13:21","guid":{"rendered":"http:\/\/www.viatgeaddictes.com\/blog\/?p=410"},"modified":"2013-01-30T16:34:11","modified_gmt":"2013-01-30T14:34:11","slug":"europa-jet2-ha-sido-nombrada-como-la-mejor-aerolinea-en-vuelos-de-corta-distancia","status":"publish","type":"post","link":"https:\/\/www.viatgeaddictes.com\/blog\/2013\/01\/europa-jet2-ha-sido-nombrada-como-la-mejor-aerolinea-en-vuelos-de-corta-distancia\/","title":{"rendered":"EUROPA &#8211; Jet2 ha sido nombrada como la mejor aerol\u00ednea en vuelos de corta distancia"},"content":{"rendered":"<p><img loading=\"lazy\" decoding=\"async\" class=\"alignleft  wp-image-413\" title=\"Aviaci\u00f3n\" src=\"http:\/\/www.viatgeaddictes.com\/blog\/wp-content\/uploads\/2013\/01\/ico_avio.png\" alt=\"\" width=\"65\" height=\"72\" \/>En la entrega de premios de certamen <a title=\"Globe Travel Awards\" href=\"http:\/\/www.globetravelawards.co.uk\" target=\"_blank\">Globe Travel Awards 2013<\/a>, celebrado d\u00edas atr\u00e1s en Londres, la\u00a0aerol\u00ednea de bajo coste <strong><a title=\"Jet2\" href=\"http:\/\/clk.tradedoubler.com\/click?p(63397)a(322087)\" target=\"_blank\">Jet2 <\/a><\/strong>recibi\u00f3 el galard\u00f3n a la mejor aerol\u00ednea del mundo en vuelos de corta distancia.<\/p>\n<p>Se trata de la segunda vez consecutiva que esta compa\u00f1\u00eda recibe el galard\u00f3n como la mejor en las rutas de corto radio y en esta clasificaci\u00f3n <strong>Jet2<\/strong> ha superado a competidores de la talla de <strong>Air France<\/strong>, <strong>British Airways<\/strong> o <strong>Lufthansa<\/strong>.<\/p>\n<p>Actualmente <strong>Jet2<\/strong> cuenta con una red compuesta por destinos en 22 pa\u00edses. Y Espa\u00f1a constituye un importante mercado para la aerol\u00ednea, pues desde este pa\u00eds opera 70 rutas, de entre un total de 196 que opera en el conjunto de su red. Jet2 cuenta con vuelos desde el Reino Unido a los aeropuertos espa\u00f1olesde Alicante, Barcelona, Gran Canaria, Ibiza, Lanzarote, M\u00e1laga, Menorca, Murcia, Palma, Reus o Tenerife Sur.<\/p>\n<p>En esta misma entrega de premios la compa\u00f1\u00eda <strong><a title=\"Emirates Airlines\" href=\"http:\/\/www.emirates.com\" target=\"_blank\">Emirates<\/a><\/strong>, con sede en el emirato de Dubai, fue elegida como la mejor aerol\u00ednea en vuelos de larga distancia.<\/p>\n<p>Por otra parte, la aerol\u00ednea finlandesa <strong><a title=\"Finnair\" href=\"http:\/\/clk.tradedoubler.com\/click?p(138184)a(322087)\" target=\"_blank\">Finnair<\/a><\/strong> ha sido designada como la compa\u00f1\u00eda a\u00e9rea con un \u00edndice de seguridad m\u00e1s alto seg\u00fan un <a title=\"Jacdec\" href=\"http:\/\/www.jacdec.de\/jacdec_safety_ranking_2012.htm\" target=\"_blank\">estudio reciente del Jacdec<\/a>, el\u00a0<em>Centro de Evaluaci\u00f3n de Accidentes de Aerol\u00edneas<\/em> con sede en Alemania.<\/p>\n<p>Los siguientes puestos de esta lista est\u00e1n ocupados por las aerol\u00edneas\u00a0<strong>Air New Zealand<\/strong>,\u00a0 <strong>Cathay Pacific<\/strong>, <strong>Emirates<\/strong>, <strong>Eitad Airways<\/strong>, <strong>Eva Air<\/strong>, <strong>Tap Portugal<\/strong>, <strong>Hainan Airlines<\/strong>, <strong>Virgin Australia <\/strong>y<strong> British Airways<\/strong>. La primera aerol\u00ednea espa\u00f1ola (y \u00fanica que aparece entre las 60 primeras) en la lista es <strong>Iberia<\/strong> y ocupa la posici\u00f3n 49.<\/p>\n<p>Para elaborar este ranquing Jacdec ha tenido en cuenta los incidentes y accidentes que han sufrido todas las aerol\u00edneas desde 1983 hasta la actualidad, y tiene en cuenta diversos baremos de seguridad entre sus criterios para confeccionar este ranking.<\/p>\n","protected":false},"excerpt":{"rendered":"<p>En la entrega de premios de certamen Globe Travel Awards 2013, celebrado d\u00edas atr\u00e1s en Londres, la\u00a0aerol\u00ednea de bajo coste Jet2 recibi\u00f3 el galard\u00f3n a la mejor aerol\u00ednea del mundo en vuelos de corta distancia. Se trata de la segunda &hellip; <a href=\"https:\/\/www.viatgeaddictes.com\/blog\/2013\/01\/europa-jet2-ha-sido-nombrada-como-la-mejor-aerolinea-en-vuelos-de-corta-distancia\/\">Sigue leyendo <span class=\"meta-nav\">&rarr;<\/span><\/a><\/p>\n","protected":false},"author":2,"featured_media":0,"comment_status":"open","ping_status":"open","sticky":false,"template":"","format":"standard","meta":{"_jetpack_memberships_contains_paid_content":false,"footnotes":""},"categories":[19],"tags":[103,4],"class_list":["post-100410","post","type-post","status-publish","format-standard","hentry","category-vuelos","tag-companias-aereas","tag-mundo"],"yoast_head":"<!-- This site is optimized with the Yoast SEO plugin v27.5 - https:\/\/yoast.com\/product\/yoast-seo-wordpress\/ -->\n<title>EUROPA - Jet2 ha sido nombrada como la mejor aerol\u00ednea en vuelos de corta distancia<\/title>\n<meta name=\"description\" content=\"En la entrega de premios de certamen Globe Travel Awards 2013, celebrado d\u00edas atr\u00e1s en Londres, la\u00a0aerol\u00ednea de bajo coste Jet2 recibi\u00f3 el galard\u00f3n a la\" \/>\n<meta name=\"robots\" content=\"index, follow, max-snippet:-1, max-image-preview:large, max-video-preview:-1\" \/>\n<link rel=\"canonical\" href=\"https:\/\/www.viatgeaddictes.com\/blog\/2013\/01\/europa-jet2-ha-sido-nombrada-como-la-mejor-aerolinea-en-vuelos-de-corta-distancia\/\" \/>\n<meta property=\"og:locale\" content=\"es_ES\" \/>\n<meta property=\"og:type\" content=\"article\" \/>\n<meta property=\"og:title\" content=\"EUROPA - Jet2 ha sido nombrada como la mejor aerol\u00ednea en vuelos de corta distancia\" \/>\n<meta property=\"og:description\" content=\"En la entrega de premios de certamen Globe Travel Awards 2013, celebrado d\u00edas atr\u00e1s en Londres, la\u00a0aerol\u00ednea de bajo coste Jet2 recibi\u00f3 el galard\u00f3n a la\" \/>\n<meta property=\"og:url\" content=\"https:\/\/www.viatgeaddictes.com\/blog\/2013\/01\/europa-jet2-ha-sido-nombrada-como-la-mejor-aerolinea-en-vuelos-de-corta-distancia\/\" \/>\n<meta property=\"og:site_name\" content=\"Blog de noticias de viajes y turismo\" \/>\n<meta property=\"article:publisher\" content=\"facebook.com\/viatgeaddictes\" \/>\n<meta property=\"article:author\" content=\"facebook.com\/viatgeaddictes\" \/>\n<meta property=\"article:published_time\" content=\"2013-01-30T12:13:21+00:00\" \/>\n<meta property=\"article:modified_time\" content=\"2013-01-30T14:34:11+00:00\" \/>\n<meta property=\"og:image\" content=\"http:\/\/www.viatgeaddictes.com\/blog\/wp-content\/uploads\/2013\/01\/ico_avio.png\" \/>\n<meta name=\"author\" content=\"Viatgeaddictes\" \/>\n<meta name=\"twitter:card\" content=\"summary_large_image\" \/>\n<meta name=\"twitter:creator\" content=\"@viatgeaddictes\" \/>\n<meta name=\"twitter:site\" content=\"@viatgeaddictes\" \/>\n<meta name=\"twitter:label1\" content=\"Escrito por\" \/>\n\t<meta name=\"twitter:data1\" content=\"Viatgeaddictes\" \/>\n\t<meta name=\"twitter:label2\" content=\"Tiempo de lectura\" \/>\n\t<meta name=\"twitter:data2\" content=\"2 minutos\" \/>\n<script type=\"application\/ld+json\" class=\"yoast-schema-graph\">{\"@context\":\"https:\\\/\\\/schema.org\",\"@graph\":[{\"@type\":\"Article\",\"@id\":\"https:\\\/\\\/www.viatgeaddictes.com\\\/blog\\\/2013\\\/01\\\/europa-jet2-ha-sido-nombrada-como-la-mejor-aerolinea-en-vuelos-de-corta-distancia\\\/#article\",\"isPartOf\":{\"@id\":\"https:\\\/\\\/www.viatgeaddictes.com\\\/blog\\\/2013\\\/01\\\/europa-jet2-ha-sido-nombrada-como-la-mejor-aerolinea-en-vuelos-de-corta-distancia\\\/\"},\"author\":{\"name\":\"Viatgeaddictes\",\"@id\":\"https:\\\/\\\/www.viatgeaddictes.com\\\/blog\\\/#\\\/schema\\\/person\\\/37801c6f1a42b1acccc2262e8b9fb40a\"},\"headline\":\"EUROPA &#8211; Jet2 ha sido nombrada como la mejor aerol\u00ednea en vuelos de corta distancia\",\"datePublished\":\"2013-01-30T12:13:21+00:00\",\"dateModified\":\"2013-01-30T14:34:11+00:00\",\"mainEntityOfPage\":{\"@id\":\"https:\\\/\\\/www.viatgeaddictes.com\\\/blog\\\/2013\\\/01\\\/europa-jet2-ha-sido-nombrada-como-la-mejor-aerolinea-en-vuelos-de-corta-distancia\\\/\"},\"wordCount\":340,\"commentCount\":0,\"publisher\":{\"@id\":\"https:\\\/\\\/www.viatgeaddictes.com\\\/blog\\\/#\\\/schema\\\/person\\\/37801c6f1a42b1acccc2262e8b9fb40a\"},\"image\":{\"@id\":\"https:\\\/\\\/www.viatgeaddictes.com\\\/blog\\\/2013\\\/01\\\/europa-jet2-ha-sido-nombrada-como-la-mejor-aerolinea-en-vuelos-de-corta-distancia\\\/#primaryimage\"},\"thumbnailUrl\":\"http:\\\/\\\/www.viatgeaddictes.com\\\/blog\\\/wp-content\\\/uploads\\\/2013\\\/01\\\/ico_avio.png\",\"keywords\":[\"compa\u00f1\u00edas a\u00e9reas\",\"Mundo\"],\"articleSection\":[\"Vuelos\"],\"inLanguage\":\"es\",\"potentialAction\":[{\"@type\":\"CommentAction\",\"name\":\"Comment\",\"target\":[\"https:\\\/\\\/www.viatgeaddictes.com\\\/blog\\\/2013\\\/01\\\/europa-jet2-ha-sido-nombrada-como-la-mejor-aerolinea-en-vuelos-de-corta-distancia\\\/#respond\"]}]},{\"@type\":\"WebPage\",\"@id\":\"https:\\\/\\\/www.viatgeaddictes.com\\\/blog\\\/2013\\\/01\\\/europa-jet2-ha-sido-nombrada-como-la-mejor-aerolinea-en-vuelos-de-corta-distancia\\\/\",\"url\":\"https:\\\/\\\/www.viatgeaddictes.com\\\/blog\\\/2013\\\/01\\\/europa-jet2-ha-sido-nombrada-como-la-mejor-aerolinea-en-vuelos-de-corta-distancia\\\/\",\"name\":\"EUROPA - Jet2 ha sido nombrada como la mejor aerol\u00ednea en vuelos de corta distancia\",\"isPartOf\":{\"@id\":\"https:\\\/\\\/www.viatgeaddictes.com\\\/blog\\\/#website\"},\"primaryImageOfPage\":{\"@id\":\"https:\\\/\\\/www.viatgeaddictes.com\\\/blog\\\/2013\\\/01\\\/europa-jet2-ha-sido-nombrada-como-la-mejor-aerolinea-en-vuelos-de-corta-distancia\\\/#primaryimage\"},\"image\":{\"@id\":\"https:\\\/\\\/www.viatgeaddictes.com\\\/blog\\\/2013\\\/01\\\/europa-jet2-ha-sido-nombrada-como-la-mejor-aerolinea-en-vuelos-de-corta-distancia\\\/#primaryimage\"},\"thumbnailUrl\":\"http:\\\/\\\/www.viatgeaddictes.com\\\/blog\\\/wp-content\\\/uploads\\\/2013\\\/01\\\/ico_avio.png\",\"datePublished\":\"2013-01-30T12:13:21+00:00\",\"dateModified\":\"2013-01-30T14:34:11+00:00\",\"description\":\"En la entrega de premios de certamen Globe Travel Awards 2013, celebrado d\u00edas atr\u00e1s en Londres, la\u00a0aerol\u00ednea de bajo coste Jet2 recibi\u00f3 el galard\u00f3n a la\",\"breadcrumb\":{\"@id\":\"https:\\\/\\\/www.viatgeaddictes.com\\\/blog\\\/2013\\\/01\\\/europa-jet2-ha-sido-nombrada-como-la-mejor-aerolinea-en-vuelos-de-corta-distancia\\\/#breadcrumb\"},\"inLanguage\":\"es\",\"potentialAction\":[{\"@type\":\"ReadAction\",\"target\":[\"https:\\\/\\\/www.viatgeaddictes.com\\\/blog\\\/2013\\\/01\\\/europa-jet2-ha-sido-nombrada-como-la-mejor-aerolinea-en-vuelos-de-corta-distancia\\\/\"]}]},{\"@type\":\"ImageObject\",\"inLanguage\":\"es\",\"@id\":\"https:\\\/\\\/www.viatgeaddictes.com\\\/blog\\\/2013\\\/01\\\/europa-jet2-ha-sido-nombrada-como-la-mejor-aerolinea-en-vuelos-de-corta-distancia\\\/#primaryimage\",\"url\":\"https:\\\/\\\/www.viatgeaddictes.com\\\/blog\\\/wp-content\\\/uploads\\\/2013\\\/01\\\/ico_avio.png\",\"contentUrl\":\"https:\\\/\\\/www.viatgeaddictes.com\\\/blog\\\/wp-content\\\/uploads\\\/2013\\\/01\\\/ico_avio.png\",\"width\":\"32\",\"height\":\"37\"},{\"@type\":\"BreadcrumbList\",\"@id\":\"https:\\\/\\\/www.viatgeaddictes.com\\\/blog\\\/2013\\\/01\\\/europa-jet2-ha-sido-nombrada-como-la-mejor-aerolinea-en-vuelos-de-corta-distancia\\\/#breadcrumb\",\"itemListElement\":[{\"@type\":\"ListItem\",\"position\":1,\"name\":\"Inici\",\"item\":\"https:\\\/\\\/www.viatgeaddictes.com\\\/blog\\\/\"},{\"@type\":\"ListItem\",\"position\":2,\"name\":\"EUROPA &#8211; Jet2 ha sido nombrada como la mejor aerol\u00ednea en vuelos de corta distancia\"}]},{\"@type\":\"WebSite\",\"@id\":\"https:\\\/\\\/www.viatgeaddictes.com\\\/blog\\\/#website\",\"url\":\"https:\\\/\\\/www.viatgeaddictes.com\\\/blog\\\/\",\"name\":\"Viatgeaddictes - Blog de noticias de viajes y turismo\",\"description\":\"Viatgeaddictes.com, recursos para el viajero independiente\",\"publisher\":{\"@id\":\"https:\\\/\\\/www.viatgeaddictes.com\\\/blog\\\/#\\\/schema\\\/person\\\/37801c6f1a42b1acccc2262e8b9fb40a\"},\"potentialAction\":[{\"@type\":\"SearchAction\",\"target\":{\"@type\":\"EntryPoint\",\"urlTemplate\":\"https:\\\/\\\/www.viatgeaddictes.com\\\/blog\\\/?s={search_term_string}\"},\"query-input\":{\"@type\":\"PropertyValueSpecification\",\"valueRequired\":true,\"valueName\":\"search_term_string\"}}],\"inLanguage\":\"es\"},{\"@type\":[\"Person\",\"Organization\"],\"@id\":\"https:\\\/\\\/www.viatgeaddictes.com\\\/blog\\\/#\\\/schema\\\/person\\\/37801c6f1a42b1acccc2262e8b9fb40a\",\"name\":\"Viatgeaddictes\",\"image\":{\"@type\":\"ImageObject\",\"inLanguage\":\"es\",\"@id\":\"https:\\\/\\\/secure.gravatar.com\\\/avatar\\\/8e539e3957a5de243b927337e71f118ed9f49b85e9cc445b9cb8ac83700f32c6?s=96&d=identicon&r=g\",\"url\":\"https:\\\/\\\/secure.gravatar.com\\\/avatar\\\/8e539e3957a5de243b927337e71f118ed9f49b85e9cc445b9cb8ac83700f32c6?s=96&d=identicon&r=g\",\"contentUrl\":\"https:\\\/\\\/secure.gravatar.com\\\/avatar\\\/8e539e3957a5de243b927337e71f118ed9f49b85e9cc445b9cb8ac83700f32c6?s=96&d=identicon&r=g\",\"caption\":\"Viatgeaddictes\"},\"logo\":{\"@id\":\"https:\\\/\\\/secure.gravatar.com\\\/avatar\\\/8e539e3957a5de243b927337e71f118ed9f49b85e9cc445b9cb8ac83700f32c6?s=96&d=identicon&r=g\"},\"sameAs\":[\"https:\\\/\\\/www.viatgeaddictes.com\",\"facebook.com\\\/viatgeaddictes\",\"instagram.com\\\/viatgeaddictes\",\"https:\\\/\\\/x.com\\\/viatgeaddictes\",\"youtube.com\\\/viatgeaddictes\"],\"url\":\"https:\\\/\\\/www.viatgeaddictes.com\\\/blog\\\/author\\\/viatgeaddictes\\\/\"}]}<\/script>\n<!-- \/ Yoast SEO plugin. -->","yoast_head_json":{"title":"EUROPA - Jet2 ha sido nombrada como la mejor aerol\u00ednea en vuelos de corta distancia","description":"En la entrega de premios de certamen Globe Travel Awards 2013, celebrado d\u00edas atr\u00e1s en Londres, la\u00a0aerol\u00ednea de bajo coste Jet2 recibi\u00f3 el galard\u00f3n a la","robots":{"index":"index","follow":"follow","max-snippet":"max-snippet:-1","max-image-preview":"max-image-preview:large","max-video-preview":"max-video-preview:-1"},"canonical":"https:\/\/www.viatgeaddictes.com\/blog\/2013\/01\/europa-jet2-ha-sido-nombrada-como-la-mejor-aerolinea-en-vuelos-de-corta-distancia\/","og_locale":"es_ES","og_type":"article","og_title":"EUROPA - Jet2 ha sido nombrada como la mejor aerol\u00ednea en vuelos de corta distancia","og_description":"En la entrega de premios de certamen Globe Travel Awards 2013, celebrado d\u00edas atr\u00e1s en Londres, la\u00a0aerol\u00ednea de bajo coste Jet2 recibi\u00f3 el galard\u00f3n a la","og_url":"https:\/\/www.viatgeaddictes.com\/blog\/2013\/01\/europa-jet2-ha-sido-nombrada-como-la-mejor-aerolinea-en-vuelos-de-corta-distancia\/","og_site_name":"Blog de noticias de viajes y turismo","article_publisher":"facebook.com\/viatgeaddictes","article_author":"facebook.com\/viatgeaddictes","article_published_time":"2013-01-30T12:13:21+00:00","article_modified_time":"2013-01-30T14:34:11+00:00","og_image":[{"url":"http:\/\/www.viatgeaddictes.com\/blog\/wp-content\/uploads\/2013\/01\/ico_avio.png","type":"","width":"","height":""}],"author":"Viatgeaddictes","twitter_card":"summary_large_image","twitter_creator":"@viatgeaddictes","twitter_site":"@viatgeaddictes","twitter_misc":{"Escrito por":"Viatgeaddictes","Tiempo de lectura":"2 minutos"},"schema":{"@context":"https:\/\/schema.org","@graph":[{"@type":"Article","@id":"https:\/\/www.viatgeaddictes.com\/blog\/2013\/01\/europa-jet2-ha-sido-nombrada-como-la-mejor-aerolinea-en-vuelos-de-corta-distancia\/#article","isPartOf":{"@id":"https:\/\/www.viatgeaddictes.com\/blog\/2013\/01\/europa-jet2-ha-sido-nombrada-como-la-mejor-aerolinea-en-vuelos-de-corta-distancia\/"},"author":{"name":"Viatgeaddictes","@id":"https:\/\/www.viatgeaddictes.com\/blog\/#\/schema\/person\/37801c6f1a42b1acccc2262e8b9fb40a"},"headline":"EUROPA &#8211; Jet2 ha sido nombrada como la mejor aerol\u00ednea en vuelos de corta distancia","datePublished":"2013-01-30T12:13:21+00:00","dateModified":"2013-01-30T14:34:11+00:00","mainEntityOfPage":{"@id":"https:\/\/www.viatgeaddictes.com\/blog\/2013\/01\/europa-jet2-ha-sido-nombrada-como-la-mejor-aerolinea-en-vuelos-de-corta-distancia\/"},"wordCount":340,"commentCount":0,"publisher":{"@id":"https:\/\/www.viatgeaddictes.com\/blog\/#\/schema\/person\/37801c6f1a42b1acccc2262e8b9fb40a"},"image":{"@id":"https:\/\/www.viatgeaddictes.com\/blog\/2013\/01\/europa-jet2-ha-sido-nombrada-como-la-mejor-aerolinea-en-vuelos-de-corta-distancia\/#primaryimage"},"thumbnailUrl":"http:\/\/www.viatgeaddictes.com\/blog\/wp-content\/uploads\/2013\/01\/ico_avio.png","keywords":["compa\u00f1\u00edas a\u00e9reas","Mundo"],"articleSection":["Vuelos"],"inLanguage":"es","potentialAction":[{"@type":"CommentAction","name":"Comment","target":["https:\/\/www.viatgeaddictes.com\/blog\/2013\/01\/europa-jet2-ha-sido-nombrada-como-la-mejor-aerolinea-en-vuelos-de-corta-distancia\/#respond"]}]},{"@type":"WebPage","@id":"https:\/\/www.viatgeaddictes.com\/blog\/2013\/01\/europa-jet2-ha-sido-nombrada-como-la-mejor-aerolinea-en-vuelos-de-corta-distancia\/","url":"https:\/\/www.viatgeaddictes.com\/blog\/2013\/01\/europa-jet2-ha-sido-nombrada-como-la-mejor-aerolinea-en-vuelos-de-corta-distancia\/","name":"EUROPA - Jet2 ha sido nombrada como la mejor aerol\u00ednea en vuelos de corta distancia","isPartOf":{"@id":"https:\/\/www.viatgeaddictes.com\/blog\/#website"},"primaryImageOfPage":{"@id":"https:\/\/www.viatgeaddictes.com\/blog\/2013\/01\/europa-jet2-ha-sido-nombrada-como-la-mejor-aerolinea-en-vuelos-de-corta-distancia\/#primaryimage"},"image":{"@id":"https:\/\/www.viatgeaddictes.com\/blog\/2013\/01\/europa-jet2-ha-sido-nombrada-como-la-mejor-aerolinea-en-vuelos-de-corta-distancia\/#primaryimage"},"thumbnailUrl":"http:\/\/www.viatgeaddictes.com\/blog\/wp-content\/uploads\/2013\/01\/ico_avio.png","datePublished":"2013-01-30T12:13:21+00:00","dateModified":"2013-01-30T14:34:11+00:00","description":"En la entrega de premios de certamen Globe Travel Awards 2013, celebrado d\u00edas atr\u00e1s en Londres, la\u00a0aerol\u00ednea de bajo coste Jet2 recibi\u00f3 el galard\u00f3n a la","breadcrumb":{"@id":"https:\/\/www.viatgeaddictes.com\/blog\/2013\/01\/europa-jet2-ha-sido-nombrada-como-la-mejor-aerolinea-en-vuelos-de-corta-distancia\/#breadcrumb"},"inLanguage":"es","potentialAction":[{"@type":"ReadAction","target":["https:\/\/www.viatgeaddictes.com\/blog\/2013\/01\/europa-jet2-ha-sido-nombrada-como-la-mejor-aerolinea-en-vuelos-de-corta-distancia\/"]}]},{"@type":"ImageObject","inLanguage":"es","@id":"https:\/\/www.viatgeaddictes.com\/blog\/2013\/01\/europa-jet2-ha-sido-nombrada-como-la-mejor-aerolinea-en-vuelos-de-corta-distancia\/#primaryimage","url":"https:\/\/www.viatgeaddictes.com\/blog\/wp-content\/uploads\/2013\/01\/ico_avio.png","contentUrl":"https:\/\/www.viatgeaddictes.com\/blog\/wp-content\/uploads\/2013\/01\/ico_avio.png","width":"32","height":"37"},{"@type":"BreadcrumbList","@id":"https:\/\/www.viatgeaddictes.com\/blog\/2013\/01\/europa-jet2-ha-sido-nombrada-como-la-mejor-aerolinea-en-vuelos-de-corta-distancia\/#breadcrumb","itemListElement":[{"@type":"ListItem","position":1,"name":"Inici","item":"https:\/\/www.viatgeaddictes.com\/blog\/"},{"@type":"ListItem","position":2,"name":"EUROPA &#8211; Jet2 ha sido nombrada como la mejor aerol\u00ednea en vuelos de corta distancia"}]},{"@type":"WebSite","@id":"https:\/\/www.viatgeaddictes.com\/blog\/#website","url":"https:\/\/www.viatgeaddictes.com\/blog\/","name":"Viatgeaddictes - Blog de noticias de viajes y turismo","description":"Viatgeaddictes.com, recursos para el viajero independiente","publisher":{"@id":"https:\/\/www.viatgeaddictes.com\/blog\/#\/schema\/person\/37801c6f1a42b1acccc2262e8b9fb40a"},"potentialAction":[{"@type":"SearchAction","target":{"@type":"EntryPoint","urlTemplate":"https:\/\/www.viatgeaddictes.com\/blog\/?s={search_term_string}"},"query-input":{"@type":"PropertyValueSpecification","valueRequired":true,"valueName":"search_term_string"}}],"inLanguage":"es"},{"@type":["Person","Organization"],"@id":"https:\/\/www.viatgeaddictes.com\/blog\/#\/schema\/person\/37801c6f1a42b1acccc2262e8b9fb40a","name":"Viatgeaddictes","image":{"@type":"ImageObject","inLanguage":"es","@id":"https:\/\/secure.gravatar.com\/avatar\/8e539e3957a5de243b927337e71f118ed9f49b85e9cc445b9cb8ac83700f32c6?s=96&d=identicon&r=g","url":"https:\/\/secure.gravatar.com\/avatar\/8e539e3957a5de243b927337e71f118ed9f49b85e9cc445b9cb8ac83700f32c6?s=96&d=identicon&r=g","contentUrl":"https:\/\/secure.gravatar.com\/avatar\/8e539e3957a5de243b927337e71f118ed9f49b85e9cc445b9cb8ac83700f32c6?s=96&d=identicon&r=g","caption":"Viatgeaddictes"},"logo":{"@id":"https:\/\/secure.gravatar.com\/avatar\/8e539e3957a5de243b927337e71f118ed9f49b85e9cc445b9cb8ac83700f32c6?s=96&d=identicon&r=g"},"sameAs":["https:\/\/www.viatgeaddictes.com","facebook.com\/viatgeaddictes","instagram.com\/viatgeaddictes","https:\/\/x.com\/viatgeaddictes","youtube.com\/viatgeaddictes"],"url":"https:\/\/www.viatgeaddictes.com\/blog\/author\/viatgeaddictes\/"}]}},"jetpack_featured_media_url":"","jetpack_sharing_enabled":true,"jetpack_likes_enabled":true,"_links":{"self":[{"href":"https:\/\/www.viatgeaddictes.com\/blog\/wp-json\/wp\/v2\/posts\/100410","targetHints":{"allow":["GET"]}}],"collection":[{"href":"https:\/\/www.viatgeaddictes.com\/blog\/wp-json\/wp\/v2\/posts"}],"about":[{"href":"https:\/\/www.viatgeaddictes.com\/blog\/wp-json\/wp\/v2\/types\/post"}],"author":[{"embeddable":true,"href":"https:\/\/www.viatgeaddictes.com\/blog\/wp-json\/wp\/v2\/users\/2"}],"replies":[{"embeddable":true,"href":"https:\/\/www.viatgeaddictes.com\/blog\/wp-json\/wp\/v2\/comments?post=100410"}],"version-history":[{"count":0,"href":"https:\/\/www.viatgeaddictes.com\/blog\/wp-json\/wp\/v2\/posts\/100410\/revisions"}],"wp:attachment":[{"href":"https:\/\/www.viatgeaddictes.com\/blog\/wp-json\/wp\/v2\/media?parent=100410"}],"wp:term":[{"taxonomy":"category","embeddable":true,"href":"https:\/\/www.viatgeaddictes.com\/blog\/wp-json\/wp\/v2\/categories?post=100410"},{"taxonomy":"post_tag","embeddable":true,"href":"https:\/\/www.viatgeaddictes.com\/blog\/wp-json\/wp\/v2\/tags?post=100410"}],"curies":[{"name":"wp","href":"https:\/\/api.w.org\/{rel}","templated":true}]}}