{"id":100303,"date":"2012-11-29T15:18:13","date_gmt":"2012-11-29T13:18:13","guid":{"rendered":"http:\/\/www.viatgeaddictes.com\/blog\/?p=303"},"modified":"2012-12-18T18:50:57","modified_gmt":"2012-12-18T16:50:57","slug":"espana-ya-se-conoce-el-ganador-del-iv-concurso-de-relatos-de-viaje-mikel-essery","status":"publish","type":"post","link":"https:\/\/www.viatgeaddictes.com\/blog\/2012\/11\/espana-ya-se-conoce-el-ganador-del-iv-concurso-de-relatos-de-viaje-mikel-essery\/","title":{"rendered":"ESPA\u00d1A &#8211; Ya se conoce el ganador del IV Concurso de Relatos de Viaje Mikel Essery"},"content":{"rendered":"<p><img loading=\"lazy\" decoding=\"async\" class=\"size-full wp-image-308 alignright\" style=\"border: 0px none;\" title=\"Relatos de viaje\" src=\"http:\/\/www.viatgeaddictes.com\/blog\/wp-content\/uploads\/2012\/11\/llibres2-e1354199743930.png\" alt=\"Relatos de viaje\" width=\"65\" height=\"65\" \/>Hoy se ha hecho p\u00fablico que el relato premiado en la cuarta edici\u00f3n del <a href=\"http:\/\/www.mikelmunduan.net\" target=\"_blank\">Concurso de Relatos de Viaje Mikel Essery<\/a> es <strong>Viaje a los ojos de Wanda<\/strong>, de Miguel Guti\u00e9rrez-Garitano.<\/p>\n<p>El jurado del concurso ha decidido que es merecedor de este premio por trasladarnos al Mato Groso de una manera v\u00edvida, a trav\u00e9s de una rica geograf\u00eda humana del lugar, con unos personajes que adquieren una voz propia en las palabras del autor. Destaca en el relato un lenguaje extremadamente cuidado y una cercan\u00eda a las personas del lugar que responden perfectamente a la convocatoria del concurso.<\/p>\n<p>Miguel Guti\u00e9rrez Garitano es periodista, escritor, viajero y monta\u00f1ero Gasteiztarra. Especialista en reportajes culturales y de viajes, ha colaborado habitualmente con varios medios de comunicaci\u00f3n. est\u00e1 especializado en el mundo de la exploraci\u00f3n y los viajes, de los que adem\u00e1s de reportajista y conferenciante. Y es autor de los siguientes libros: <em>La aventura del Muni<\/em>, <em>Apuntes de la Guinea<\/em>, <em>Voces fronterizas<\/em> y <em>Doctor Supongo<\/em>.<\/p>\n<p>En esta cuarta edici\u00f3n se han recibido un total de 53 relatos, de los cuales 37 son en castellano, 4 en euskera, 4 en ingl\u00e9s y 8 en catal\u00e1n. Centroam\u00e9rica, Oriente Medio y sobre todo Asia han sido algunos de los sitios m\u00e1s visitados en esta edici\u00f3n.<\/p>\n<p>Ya han pasado cinco a\u00f1os desde que, junto a otras nueve personas, Mikel mor\u00eda victima de un atentado en Yemen. Su anhelo por conocer la diversidad de culturas y su modo de acercarse a las personas, sigue presente en nuestro recuerdo y forma parte de un modelo de viaje que se desea manifiestar en este concurso pluriling\u00fce de relatos de viaje.<\/p>\n<p>Por otra parte queda abierta la convocatoria de la quinta edici\u00f3n del <strong>Concurso de Relatos de Viaje Mikel Essery<\/strong>. Los relatos podr\u00e1n ser presentados desde el 1 de Enero hasta el 1 de Mayo de 2013. Las bases del concurso se pueden encontrar en la p\u00e1gina <a href=\"http:\/\/www.mikelmunduan.net\" target=\"_blank\">www.mikelmunduan.net<\/a><\/p>\n","protected":false},"excerpt":{"rendered":"<p>Hoy se ha hecho p\u00fablico que el relato premiado en la cuarta edici\u00f3n del Concurso de Relatos de Viaje Mikel Essery es Viaje a los ojos de Wanda, de Miguel Guti\u00e9rrez-Garitano. El jurado del concurso ha decidido que es merecedor &hellip; <a href=\"https:\/\/www.viatgeaddictes.com\/blog\/2012\/11\/espana-ya-se-conoce-el-ganador-del-iv-concurso-de-relatos-de-viaje-mikel-essery\/\">Sigue leyendo <span class=\"meta-nav\">&rarr;<\/span><\/a><\/p>\n","protected":false},"author":2,"featured_media":0,"comment_status":"open","ping_status":"open","sticky":false,"template":"","format":"standard","meta":{"_jetpack_memberships_contains_paid_content":false,"footnotes":""},"categories":[92],"tags":[97],"class_list":["post-100303","post","type-post","status-publish","format-standard","hentry","category-libros-de-viajes","tag-relatos-de-viajes"],"yoast_head":"<!-- This site is optimized with the Yoast SEO plugin v27.5 - https:\/\/yoast.com\/product\/yoast-seo-wordpress\/ -->\n<title>ESPA\u00d1A - Ya se conoce el ganador del IV Concurso de Relatos de Viaje Mikel Essery<\/title>\n<meta name=\"description\" content=\"Hoy se ha hecho p\u00fablico que el relato premiado en la cuarta edici\u00f3n del Concurso de Relatos de Viaje Mikel Essery es Viaje a los ojos de Wanda, de Miguel\" \/>\n<meta name=\"robots\" content=\"index, follow, max-snippet:-1, max-image-preview:large, max-video-preview:-1\" \/>\n<link rel=\"canonical\" href=\"https:\/\/www.viatgeaddictes.com\/blog\/2012\/11\/espana-ya-se-conoce-el-ganador-del-iv-concurso-de-relatos-de-viaje-mikel-essery\/\" \/>\n<meta property=\"og:locale\" content=\"es_ES\" \/>\n<meta property=\"og:type\" content=\"article\" \/>\n<meta property=\"og:title\" content=\"ESPA\u00d1A - Ya se conoce el ganador del IV Concurso de Relatos de Viaje Mikel Essery\" \/>\n<meta property=\"og:description\" content=\"Hoy se ha hecho p\u00fablico que el relato premiado en la cuarta edici\u00f3n del Concurso de Relatos de Viaje Mikel Essery es Viaje a los ojos de Wanda, de Miguel\" \/>\n<meta property=\"og:url\" content=\"https:\/\/www.viatgeaddictes.com\/blog\/2012\/11\/espana-ya-se-conoce-el-ganador-del-iv-concurso-de-relatos-de-viaje-mikel-essery\/\" \/>\n<meta property=\"og:site_name\" content=\"Blog de noticias de viajes y turismo\" \/>\n<meta property=\"article:publisher\" content=\"facebook.com\/viatgeaddictes\" \/>\n<meta property=\"article:author\" content=\"facebook.com\/viatgeaddictes\" \/>\n<meta property=\"article:published_time\" content=\"2012-11-29T13:18:13+00:00\" \/>\n<meta property=\"article:modified_time\" content=\"2012-12-18T16:50:57+00:00\" \/>\n<meta property=\"og:image\" content=\"http:\/\/www.viatgeaddictes.com\/blog\/wp-content\/uploads\/2012\/11\/llibres2-e1354199743930.png\" \/>\n<meta name=\"author\" content=\"Viatgeaddictes\" \/>\n<meta name=\"twitter:card\" content=\"summary_large_image\" \/>\n<meta name=\"twitter:creator\" content=\"@viatgeaddictes\" \/>\n<meta name=\"twitter:site\" content=\"@viatgeaddictes\" \/>\n<meta name=\"twitter:label1\" content=\"Escrito por\" \/>\n\t<meta name=\"twitter:data1\" content=\"Viatgeaddictes\" \/>\n\t<meta name=\"twitter:label2\" content=\"Tiempo de lectura\" \/>\n\t<meta name=\"twitter:data2\" content=\"2 minutos\" \/>\n<script type=\"application\/ld+json\" class=\"yoast-schema-graph\">{\"@context\":\"https:\\\/\\\/schema.org\",\"@graph\":[{\"@type\":\"Article\",\"@id\":\"https:\\\/\\\/www.viatgeaddictes.com\\\/blog\\\/2012\\\/11\\\/espana-ya-se-conoce-el-ganador-del-iv-concurso-de-relatos-de-viaje-mikel-essery\\\/#article\",\"isPartOf\":{\"@id\":\"https:\\\/\\\/www.viatgeaddictes.com\\\/blog\\\/2012\\\/11\\\/espana-ya-se-conoce-el-ganador-del-iv-concurso-de-relatos-de-viaje-mikel-essery\\\/\"},\"author\":{\"name\":\"Viatgeaddictes\",\"@id\":\"https:\\\/\\\/www.viatgeaddictes.com\\\/blog\\\/#\\\/schema\\\/person\\\/37801c6f1a42b1acccc2262e8b9fb40a\"},\"headline\":\"ESPA\u00d1A &#8211; Ya se conoce el ganador del IV Concurso de Relatos de Viaje Mikel Essery\",\"datePublished\":\"2012-11-29T13:18:13+00:00\",\"dateModified\":\"2012-12-18T16:50:57+00:00\",\"mainEntityOfPage\":{\"@id\":\"https:\\\/\\\/www.viatgeaddictes.com\\\/blog\\\/2012\\\/11\\\/espana-ya-se-conoce-el-ganador-del-iv-concurso-de-relatos-de-viaje-mikel-essery\\\/\"},\"wordCount\":352,\"commentCount\":0,\"publisher\":{\"@id\":\"https:\\\/\\\/www.viatgeaddictes.com\\\/blog\\\/#\\\/schema\\\/person\\\/37801c6f1a42b1acccc2262e8b9fb40a\"},\"image\":{\"@id\":\"https:\\\/\\\/www.viatgeaddictes.com\\\/blog\\\/2012\\\/11\\\/espana-ya-se-conoce-el-ganador-del-iv-concurso-de-relatos-de-viaje-mikel-essery\\\/#primaryimage\"},\"thumbnailUrl\":\"http:\\\/\\\/www.viatgeaddictes.com\\\/blog\\\/wp-content\\\/uploads\\\/2012\\\/11\\\/llibres2-e1354199743930.png\",\"keywords\":[\"Relatos de viajes\"],\"articleSection\":[\"Libros de viajes\"],\"inLanguage\":\"es\",\"potentialAction\":[{\"@type\":\"CommentAction\",\"name\":\"Comment\",\"target\":[\"https:\\\/\\\/www.viatgeaddictes.com\\\/blog\\\/2012\\\/11\\\/espana-ya-se-conoce-el-ganador-del-iv-concurso-de-relatos-de-viaje-mikel-essery\\\/#respond\"]}]},{\"@type\":\"WebPage\",\"@id\":\"https:\\\/\\\/www.viatgeaddictes.com\\\/blog\\\/2012\\\/11\\\/espana-ya-se-conoce-el-ganador-del-iv-concurso-de-relatos-de-viaje-mikel-essery\\\/\",\"url\":\"https:\\\/\\\/www.viatgeaddictes.com\\\/blog\\\/2012\\\/11\\\/espana-ya-se-conoce-el-ganador-del-iv-concurso-de-relatos-de-viaje-mikel-essery\\\/\",\"name\":\"ESPA\u00d1A - Ya se conoce el ganador del IV Concurso de Relatos de Viaje Mikel Essery\",\"isPartOf\":{\"@id\":\"https:\\\/\\\/www.viatgeaddictes.com\\\/blog\\\/#website\"},\"primaryImageOfPage\":{\"@id\":\"https:\\\/\\\/www.viatgeaddictes.com\\\/blog\\\/2012\\\/11\\\/espana-ya-se-conoce-el-ganador-del-iv-concurso-de-relatos-de-viaje-mikel-essery\\\/#primaryimage\"},\"image\":{\"@id\":\"https:\\\/\\\/www.viatgeaddictes.com\\\/blog\\\/2012\\\/11\\\/espana-ya-se-conoce-el-ganador-del-iv-concurso-de-relatos-de-viaje-mikel-essery\\\/#primaryimage\"},\"thumbnailUrl\":\"http:\\\/\\\/www.viatgeaddictes.com\\\/blog\\\/wp-content\\\/uploads\\\/2012\\\/11\\\/llibres2-e1354199743930.png\",\"datePublished\":\"2012-11-29T13:18:13+00:00\",\"dateModified\":\"2012-12-18T16:50:57+00:00\",\"description\":\"Hoy se ha hecho p\u00fablico que el relato premiado en la cuarta edici\u00f3n del Concurso de Relatos de Viaje Mikel Essery es Viaje a los ojos de Wanda, de Miguel\",\"breadcrumb\":{\"@id\":\"https:\\\/\\\/www.viatgeaddictes.com\\\/blog\\\/2012\\\/11\\\/espana-ya-se-conoce-el-ganador-del-iv-concurso-de-relatos-de-viaje-mikel-essery\\\/#breadcrumb\"},\"inLanguage\":\"es\",\"potentialAction\":[{\"@type\":\"ReadAction\",\"target\":[\"https:\\\/\\\/www.viatgeaddictes.com\\\/blog\\\/2012\\\/11\\\/espana-ya-se-conoce-el-ganador-del-iv-concurso-de-relatos-de-viaje-mikel-essery\\\/\"]}]},{\"@type\":\"ImageObject\",\"inLanguage\":\"es\",\"@id\":\"https:\\\/\\\/www.viatgeaddictes.com\\\/blog\\\/2012\\\/11\\\/espana-ya-se-conoce-el-ganador-del-iv-concurso-de-relatos-de-viaje-mikel-essery\\\/#primaryimage\",\"url\":\"https:\\\/\\\/www.viatgeaddictes.com\\\/blog\\\/wp-content\\\/uploads\\\/2012\\\/11\\\/llibres2-e1354199743930.png\",\"contentUrl\":\"https:\\\/\\\/www.viatgeaddictes.com\\\/blog\\\/wp-content\\\/uploads\\\/2012\\\/11\\\/llibres2-e1354199743930.png\",\"width\":\"65\",\"height\":\"65\",\"caption\":\"Relatos de viaje\"},{\"@type\":\"BreadcrumbList\",\"@id\":\"https:\\\/\\\/www.viatgeaddictes.com\\\/blog\\\/2012\\\/11\\\/espana-ya-se-conoce-el-ganador-del-iv-concurso-de-relatos-de-viaje-mikel-essery\\\/#breadcrumb\",\"itemListElement\":[{\"@type\":\"ListItem\",\"position\":1,\"name\":\"Inici\",\"item\":\"https:\\\/\\\/www.viatgeaddictes.com\\\/blog\\\/\"},{\"@type\":\"ListItem\",\"position\":2,\"name\":\"ESPA\u00d1A &#8211; Ya se conoce el ganador del IV Concurso de Relatos de Viaje Mikel Essery\"}]},{\"@type\":\"WebSite\",\"@id\":\"https:\\\/\\\/www.viatgeaddictes.com\\\/blog\\\/#website\",\"url\":\"https:\\\/\\\/www.viatgeaddictes.com\\\/blog\\\/\",\"name\":\"Viatgeaddictes - Blog de noticias de viajes y turismo\",\"description\":\"Viatgeaddictes.com, recursos para el viajero independiente\",\"publisher\":{\"@id\":\"https:\\\/\\\/www.viatgeaddictes.com\\\/blog\\\/#\\\/schema\\\/person\\\/37801c6f1a42b1acccc2262e8b9fb40a\"},\"potentialAction\":[{\"@type\":\"SearchAction\",\"target\":{\"@type\":\"EntryPoint\",\"urlTemplate\":\"https:\\\/\\\/www.viatgeaddictes.com\\\/blog\\\/?s={search_term_string}\"},\"query-input\":{\"@type\":\"PropertyValueSpecification\",\"valueRequired\":true,\"valueName\":\"search_term_string\"}}],\"inLanguage\":\"es\"},{\"@type\":[\"Person\",\"Organization\"],\"@id\":\"https:\\\/\\\/www.viatgeaddictes.com\\\/blog\\\/#\\\/schema\\\/person\\\/37801c6f1a42b1acccc2262e8b9fb40a\",\"name\":\"Viatgeaddictes\",\"image\":{\"@type\":\"ImageObject\",\"inLanguage\":\"es\",\"@id\":\"https:\\\/\\\/secure.gravatar.com\\\/avatar\\\/8e539e3957a5de243b927337e71f118ed9f49b85e9cc445b9cb8ac83700f32c6?s=96&d=identicon&r=g\",\"url\":\"https:\\\/\\\/secure.gravatar.com\\\/avatar\\\/8e539e3957a5de243b927337e71f118ed9f49b85e9cc445b9cb8ac83700f32c6?s=96&d=identicon&r=g\",\"contentUrl\":\"https:\\\/\\\/secure.gravatar.com\\\/avatar\\\/8e539e3957a5de243b927337e71f118ed9f49b85e9cc445b9cb8ac83700f32c6?s=96&d=identicon&r=g\",\"caption\":\"Viatgeaddictes\"},\"logo\":{\"@id\":\"https:\\\/\\\/secure.gravatar.com\\\/avatar\\\/8e539e3957a5de243b927337e71f118ed9f49b85e9cc445b9cb8ac83700f32c6?s=96&d=identicon&r=g\"},\"sameAs\":[\"https:\\\/\\\/www.viatgeaddictes.com\",\"facebook.com\\\/viatgeaddictes\",\"instagram.com\\\/viatgeaddictes\",\"https:\\\/\\\/x.com\\\/viatgeaddictes\",\"youtube.com\\\/viatgeaddictes\"],\"url\":\"https:\\\/\\\/www.viatgeaddictes.com\\\/blog\\\/author\\\/viatgeaddictes\\\/\"}]}<\/script>\n<!-- \/ Yoast SEO plugin. -->","yoast_head_json":{"title":"ESPA\u00d1A - Ya se conoce el ganador del IV Concurso de Relatos de Viaje Mikel Essery","description":"Hoy se ha hecho p\u00fablico que el relato premiado en la cuarta edici\u00f3n del Concurso de Relatos de Viaje Mikel Essery es Viaje a los ojos de Wanda, de Miguel","robots":{"index":"index","follow":"follow","max-snippet":"max-snippet:-1","max-image-preview":"max-image-preview:large","max-video-preview":"max-video-preview:-1"},"canonical":"https:\/\/www.viatgeaddictes.com\/blog\/2012\/11\/espana-ya-se-conoce-el-ganador-del-iv-concurso-de-relatos-de-viaje-mikel-essery\/","og_locale":"es_ES","og_type":"article","og_title":"ESPA\u00d1A - Ya se conoce el ganador del IV Concurso de Relatos de Viaje Mikel Essery","og_description":"Hoy se ha hecho p\u00fablico que el relato premiado en la cuarta edici\u00f3n del Concurso de Relatos de Viaje Mikel Essery es Viaje a los ojos de Wanda, de Miguel","og_url":"https:\/\/www.viatgeaddictes.com\/blog\/2012\/11\/espana-ya-se-conoce-el-ganador-del-iv-concurso-de-relatos-de-viaje-mikel-essery\/","og_site_name":"Blog de noticias de viajes y turismo","article_publisher":"facebook.com\/viatgeaddictes","article_author":"facebook.com\/viatgeaddictes","article_published_time":"2012-11-29T13:18:13+00:00","article_modified_time":"2012-12-18T16:50:57+00:00","og_image":[{"url":"http:\/\/www.viatgeaddictes.com\/blog\/wp-content\/uploads\/2012\/11\/llibres2-e1354199743930.png","type":"","width":"","height":""}],"author":"Viatgeaddictes","twitter_card":"summary_large_image","twitter_creator":"@viatgeaddictes","twitter_site":"@viatgeaddictes","twitter_misc":{"Escrito por":"Viatgeaddictes","Tiempo de lectura":"2 minutos"},"schema":{"@context":"https:\/\/schema.org","@graph":[{"@type":"Article","@id":"https:\/\/www.viatgeaddictes.com\/blog\/2012\/11\/espana-ya-se-conoce-el-ganador-del-iv-concurso-de-relatos-de-viaje-mikel-essery\/#article","isPartOf":{"@id":"https:\/\/www.viatgeaddictes.com\/blog\/2012\/11\/espana-ya-se-conoce-el-ganador-del-iv-concurso-de-relatos-de-viaje-mikel-essery\/"},"author":{"name":"Viatgeaddictes","@id":"https:\/\/www.viatgeaddictes.com\/blog\/#\/schema\/person\/37801c6f1a42b1acccc2262e8b9fb40a"},"headline":"ESPA\u00d1A &#8211; Ya se conoce el ganador del IV Concurso de Relatos de Viaje Mikel Essery","datePublished":"2012-11-29T13:18:13+00:00","dateModified":"2012-12-18T16:50:57+00:00","mainEntityOfPage":{"@id":"https:\/\/www.viatgeaddictes.com\/blog\/2012\/11\/espana-ya-se-conoce-el-ganador-del-iv-concurso-de-relatos-de-viaje-mikel-essery\/"},"wordCount":352,"commentCount":0,"publisher":{"@id":"https:\/\/www.viatgeaddictes.com\/blog\/#\/schema\/person\/37801c6f1a42b1acccc2262e8b9fb40a"},"image":{"@id":"https:\/\/www.viatgeaddictes.com\/blog\/2012\/11\/espana-ya-se-conoce-el-ganador-del-iv-concurso-de-relatos-de-viaje-mikel-essery\/#primaryimage"},"thumbnailUrl":"http:\/\/www.viatgeaddictes.com\/blog\/wp-content\/uploads\/2012\/11\/llibres2-e1354199743930.png","keywords":["Relatos de viajes"],"articleSection":["Libros de viajes"],"inLanguage":"es","potentialAction":[{"@type":"CommentAction","name":"Comment","target":["https:\/\/www.viatgeaddictes.com\/blog\/2012\/11\/espana-ya-se-conoce-el-ganador-del-iv-concurso-de-relatos-de-viaje-mikel-essery\/#respond"]}]},{"@type":"WebPage","@id":"https:\/\/www.viatgeaddictes.com\/blog\/2012\/11\/espana-ya-se-conoce-el-ganador-del-iv-concurso-de-relatos-de-viaje-mikel-essery\/","url":"https:\/\/www.viatgeaddictes.com\/blog\/2012\/11\/espana-ya-se-conoce-el-ganador-del-iv-concurso-de-relatos-de-viaje-mikel-essery\/","name":"ESPA\u00d1A - Ya se conoce el ganador del IV Concurso de Relatos de Viaje Mikel Essery","isPartOf":{"@id":"https:\/\/www.viatgeaddictes.com\/blog\/#website"},"primaryImageOfPage":{"@id":"https:\/\/www.viatgeaddictes.com\/blog\/2012\/11\/espana-ya-se-conoce-el-ganador-del-iv-concurso-de-relatos-de-viaje-mikel-essery\/#primaryimage"},"image":{"@id":"https:\/\/www.viatgeaddictes.com\/blog\/2012\/11\/espana-ya-se-conoce-el-ganador-del-iv-concurso-de-relatos-de-viaje-mikel-essery\/#primaryimage"},"thumbnailUrl":"http:\/\/www.viatgeaddictes.com\/blog\/wp-content\/uploads\/2012\/11\/llibres2-e1354199743930.png","datePublished":"2012-11-29T13:18:13+00:00","dateModified":"2012-12-18T16:50:57+00:00","description":"Hoy se ha hecho p\u00fablico que el relato premiado en la cuarta edici\u00f3n del Concurso de Relatos de Viaje Mikel Essery es Viaje a los ojos de Wanda, de Miguel","breadcrumb":{"@id":"https:\/\/www.viatgeaddictes.com\/blog\/2012\/11\/espana-ya-se-conoce-el-ganador-del-iv-concurso-de-relatos-de-viaje-mikel-essery\/#breadcrumb"},"inLanguage":"es","potentialAction":[{"@type":"ReadAction","target":["https:\/\/www.viatgeaddictes.com\/blog\/2012\/11\/espana-ya-se-conoce-el-ganador-del-iv-concurso-de-relatos-de-viaje-mikel-essery\/"]}]},{"@type":"ImageObject","inLanguage":"es","@id":"https:\/\/www.viatgeaddictes.com\/blog\/2012\/11\/espana-ya-se-conoce-el-ganador-del-iv-concurso-de-relatos-de-viaje-mikel-essery\/#primaryimage","url":"https:\/\/www.viatgeaddictes.com\/blog\/wp-content\/uploads\/2012\/11\/llibres2-e1354199743930.png","contentUrl":"https:\/\/www.viatgeaddictes.com\/blog\/wp-content\/uploads\/2012\/11\/llibres2-e1354199743930.png","width":"65","height":"65","caption":"Relatos de viaje"},{"@type":"BreadcrumbList","@id":"https:\/\/www.viatgeaddictes.com\/blog\/2012\/11\/espana-ya-se-conoce-el-ganador-del-iv-concurso-de-relatos-de-viaje-mikel-essery\/#breadcrumb","itemListElement":[{"@type":"ListItem","position":1,"name":"Inici","item":"https:\/\/www.viatgeaddictes.com\/blog\/"},{"@type":"ListItem","position":2,"name":"ESPA\u00d1A &#8211; Ya se conoce el ganador del IV Concurso de Relatos de Viaje Mikel Essery"}]},{"@type":"WebSite","@id":"https:\/\/www.viatgeaddictes.com\/blog\/#website","url":"https:\/\/www.viatgeaddictes.com\/blog\/","name":"Viatgeaddictes - Blog de noticias de viajes y turismo","description":"Viatgeaddictes.com, recursos para el viajero independiente","publisher":{"@id":"https:\/\/www.viatgeaddictes.com\/blog\/#\/schema\/person\/37801c6f1a42b1acccc2262e8b9fb40a"},"potentialAction":[{"@type":"SearchAction","target":{"@type":"EntryPoint","urlTemplate":"https:\/\/www.viatgeaddictes.com\/blog\/?s={search_term_string}"},"query-input":{"@type":"PropertyValueSpecification","valueRequired":true,"valueName":"search_term_string"}}],"inLanguage":"es"},{"@type":["Person","Organization"],"@id":"https:\/\/www.viatgeaddictes.com\/blog\/#\/schema\/person\/37801c6f1a42b1acccc2262e8b9fb40a","name":"Viatgeaddictes","image":{"@type":"ImageObject","inLanguage":"es","@id":"https:\/\/secure.gravatar.com\/avatar\/8e539e3957a5de243b927337e71f118ed9f49b85e9cc445b9cb8ac83700f32c6?s=96&d=identicon&r=g","url":"https:\/\/secure.gravatar.com\/avatar\/8e539e3957a5de243b927337e71f118ed9f49b85e9cc445b9cb8ac83700f32c6?s=96&d=identicon&r=g","contentUrl":"https:\/\/secure.gravatar.com\/avatar\/8e539e3957a5de243b927337e71f118ed9f49b85e9cc445b9cb8ac83700f32c6?s=96&d=identicon&r=g","caption":"Viatgeaddictes"},"logo":{"@id":"https:\/\/secure.gravatar.com\/avatar\/8e539e3957a5de243b927337e71f118ed9f49b85e9cc445b9cb8ac83700f32c6?s=96&d=identicon&r=g"},"sameAs":["https:\/\/www.viatgeaddictes.com","facebook.com\/viatgeaddictes","instagram.com\/viatgeaddictes","https:\/\/x.com\/viatgeaddictes","youtube.com\/viatgeaddictes"],"url":"https:\/\/www.viatgeaddictes.com\/blog\/author\/viatgeaddictes\/"}]}},"jetpack_featured_media_url":"","jetpack_sharing_enabled":true,"jetpack_likes_enabled":true,"_links":{"self":[{"href":"https:\/\/www.viatgeaddictes.com\/blog\/wp-json\/wp\/v2\/posts\/100303","targetHints":{"allow":["GET"]}}],"collection":[{"href":"https:\/\/www.viatgeaddictes.com\/blog\/wp-json\/wp\/v2\/posts"}],"about":[{"href":"https:\/\/www.viatgeaddictes.com\/blog\/wp-json\/wp\/v2\/types\/post"}],"author":[{"embeddable":true,"href":"https:\/\/www.viatgeaddictes.com\/blog\/wp-json\/wp\/v2\/users\/2"}],"replies":[{"embeddable":true,"href":"https:\/\/www.viatgeaddictes.com\/blog\/wp-json\/wp\/v2\/comments?post=100303"}],"version-history":[{"count":0,"href":"https:\/\/www.viatgeaddictes.com\/blog\/wp-json\/wp\/v2\/posts\/100303\/revisions"}],"wp:attachment":[{"href":"https:\/\/www.viatgeaddictes.com\/blog\/wp-json\/wp\/v2\/media?parent=100303"}],"wp:term":[{"taxonomy":"category","embeddable":true,"href":"https:\/\/www.viatgeaddictes.com\/blog\/wp-json\/wp\/v2\/categories?post=100303"},{"taxonomy":"post_tag","embeddable":true,"href":"https:\/\/www.viatgeaddictes.com\/blog\/wp-json\/wp\/v2\/tags?post=100303"}],"curies":[{"name":"wp","href":"https:\/\/api.w.org\/{rel}","templated":true}]}}