{"id":100283,"date":"2012-11-02T17:32:52","date_gmt":"2012-11-02T15:32:52","guid":{"rendered":"http:\/\/www.viatgeaddictes.com\/blog\/?p=283"},"modified":"2012-11-02T17:32:52","modified_gmt":"2012-11-02T15:32:52","slug":"estados-unidos-la-estatua-de-la-libertad-reabre-al-publico-tras-su-restauracion","status":"publish","type":"post","link":"https:\/\/www.viatgeaddictes.com\/blog\/2012\/11\/estados-unidos-la-estatua-de-la-libertad-reabre-al-publico-tras-su-restauracion\/","title":{"rendered":"ESTADOS UNIDOS &#8211; La Estatua de la Libertad reabre al p\u00fablico tras su restauraci\u00f3n"},"content":{"rendered":"<p>La cor<img loading=\"lazy\" decoding=\"async\" class=\"alignleft  wp-image-284\" title=\"Bandera EEUU\" src=\"http:\/\/www.viatgeaddictes.com\/blog\/wp-content\/uploads\/2012\/11\/usab.gif\" alt=\"\" width=\"70\" height=\"50\" \/>ona de la <a href=\"http:\/\/www.nps.gov\/stli\/\">Estatua de la Libertad<\/a>, en la ciudad de <strong>Nueva York<\/strong>, vuelve a estar abierta al p\u00fablico desde el domingo 28 de octubre, el d\u00eda de su 126 cumplea\u00f1os, tras un a\u00f1o de trabajos de restauraci\u00f3n. \u00a0Dada la enorme popularidad de este monumento las entradas para la visita est\u00e1n disponibles s\u00f3lo <a href=\"http:\/\/www.statuecruises.com\">on-line<\/a> o por tel\u00e9fono.<\/p>\n<table border=\"0\" cellpadding=\"0\">\n<tbody>\n<tr>\n<td>Con estas obras se ha buscado mejorar las medidas de seguridad y la prevenci\u00f3n de incendios en el monumento. De momento las visitas estar\u00e1n limitadas en su n\u00famero hasta finales de a\u00f1o, cuando se espera que las obras concluyan definitivamente.<\/td>\n<\/tr>\n<\/tbody>\n<\/table>\n","protected":false},"excerpt":{"rendered":"<p>La corona de la Estatua de la Libertad, en la ciudad de Nueva York, vuelve a estar abierta al p\u00fablico desde el domingo 28 de octubre, el d\u00eda de su 126 cumplea\u00f1os, tras un a\u00f1o de trabajos de restauraci\u00f3n. \u00a0Dada &hellip; <a href=\"https:\/\/www.viatgeaddictes.com\/blog\/2012\/11\/estados-unidos-la-estatua-de-la-libertad-reabre-al-publico-tras-su-restauracion\/\">Sigue leyendo <span class=\"meta-nav\">&rarr;<\/span><\/a><\/p>\n","protected":false},"author":2,"featured_media":0,"comment_status":"open","ping_status":"open","sticky":false,"template":"","format":"standard","meta":{"_jetpack_memberships_contains_paid_content":false,"footnotes":""},"categories":[28],"tags":[41,82],"class_list":["post-100283","post","type-post","status-publish","format-standard","hentry","category-turismo","tag-america-del-norte","tag-eeuu"],"yoast_head":"<!-- This site is optimized with the Yoast SEO plugin v27.5 - https:\/\/yoast.com\/product\/yoast-seo-wordpress\/ -->\n<title>ESTADOS UNIDOS - La Estatua de la Libertad reabre al p\u00fablico tras su restauraci\u00f3n<\/title>\n<meta name=\"description\" content=\"La corona de la Estatua de la Libertad, en la ciudad de Nueva York, vuelve a estar abierta al p\u00fablico desde el domingo 28 de octubre, el d\u00eda de su 126\" \/>\n<meta name=\"robots\" content=\"index, follow, max-snippet:-1, max-image-preview:large, max-video-preview:-1\" \/>\n<link rel=\"canonical\" href=\"https:\/\/www.viatgeaddictes.com\/blog\/2012\/11\/estados-unidos-la-estatua-de-la-libertad-reabre-al-publico-tras-su-restauracion\/\" \/>\n<meta property=\"og:locale\" content=\"es_ES\" \/>\n<meta property=\"og:type\" content=\"article\" \/>\n<meta property=\"og:title\" content=\"ESTADOS UNIDOS - La Estatua de la Libertad reabre al p\u00fablico tras su restauraci\u00f3n\" \/>\n<meta property=\"og:description\" content=\"La corona de la Estatua de la Libertad, en la ciudad de Nueva York, vuelve a estar abierta al p\u00fablico desde el domingo 28 de octubre, el d\u00eda de su 126\" \/>\n<meta property=\"og:url\" content=\"https:\/\/www.viatgeaddictes.com\/blog\/2012\/11\/estados-unidos-la-estatua-de-la-libertad-reabre-al-publico-tras-su-restauracion\/\" \/>\n<meta property=\"og:site_name\" content=\"Blog de noticias de viajes y turismo\" \/>\n<meta property=\"article:publisher\" content=\"facebook.com\/viatgeaddictes\" \/>\n<meta property=\"article:author\" content=\"facebook.com\/viatgeaddictes\" \/>\n<meta property=\"article:published_time\" content=\"2012-11-02T15:32:52+00:00\" \/>\n<meta property=\"og:image\" content=\"http:\/\/www.viatgeaddictes.com\/blog\/wp-content\/uploads\/2012\/11\/usab.gif\" \/>\n<meta name=\"author\" content=\"Viatgeaddictes\" \/>\n<meta name=\"twitter:card\" content=\"summary_large_image\" \/>\n<meta name=\"twitter:creator\" content=\"@viatgeaddictes\" \/>\n<meta name=\"twitter:site\" content=\"@viatgeaddictes\" \/>\n<meta name=\"twitter:label1\" content=\"Escrito por\" \/>\n\t<meta name=\"twitter:data1\" content=\"Viatgeaddictes\" \/>\n\t<meta name=\"twitter:label2\" content=\"Tiempo de lectura\" \/>\n\t<meta name=\"twitter:data2\" content=\"1 minuto\" \/>\n<script type=\"application\/ld+json\" class=\"yoast-schema-graph\">{\"@context\":\"https:\\\/\\\/schema.org\",\"@graph\":[{\"@type\":\"Article\",\"@id\":\"https:\\\/\\\/www.viatgeaddictes.com\\\/blog\\\/2012\\\/11\\\/estados-unidos-la-estatua-de-la-libertad-reabre-al-publico-tras-su-restauracion\\\/#article\",\"isPartOf\":{\"@id\":\"https:\\\/\\\/www.viatgeaddictes.com\\\/blog\\\/2012\\\/11\\\/estados-unidos-la-estatua-de-la-libertad-reabre-al-publico-tras-su-restauracion\\\/\"},\"author\":{\"name\":\"Viatgeaddictes\",\"@id\":\"https:\\\/\\\/www.viatgeaddictes.com\\\/blog\\\/#\\\/schema\\\/person\\\/37801c6f1a42b1acccc2262e8b9fb40a\"},\"headline\":\"ESTADOS UNIDOS &#8211; La Estatua de la Libertad reabre al p\u00fablico tras su restauraci\u00f3n\",\"datePublished\":\"2012-11-02T15:32:52+00:00\",\"mainEntityOfPage\":{\"@id\":\"https:\\\/\\\/www.viatgeaddictes.com\\\/blog\\\/2012\\\/11\\\/estados-unidos-la-estatua-de-la-libertad-reabre-al-publico-tras-su-restauracion\\\/\"},\"wordCount\":124,\"commentCount\":0,\"publisher\":{\"@id\":\"https:\\\/\\\/www.viatgeaddictes.com\\\/blog\\\/#\\\/schema\\\/person\\\/37801c6f1a42b1acccc2262e8b9fb40a\"},\"image\":{\"@id\":\"https:\\\/\\\/www.viatgeaddictes.com\\\/blog\\\/2012\\\/11\\\/estados-unidos-la-estatua-de-la-libertad-reabre-al-publico-tras-su-restauracion\\\/#primaryimage\"},\"thumbnailUrl\":\"http:\\\/\\\/www.viatgeaddictes.com\\\/blog\\\/wp-content\\\/uploads\\\/2012\\\/11\\\/usab.gif\",\"keywords\":[\"Am\u00e9rica del Norte\",\"EEUU\"],\"articleSection\":[\"Turismo\"],\"inLanguage\":\"es\",\"potentialAction\":[{\"@type\":\"CommentAction\",\"name\":\"Comment\",\"target\":[\"https:\\\/\\\/www.viatgeaddictes.com\\\/blog\\\/2012\\\/11\\\/estados-unidos-la-estatua-de-la-libertad-reabre-al-publico-tras-su-restauracion\\\/#respond\"]}]},{\"@type\":\"WebPage\",\"@id\":\"https:\\\/\\\/www.viatgeaddictes.com\\\/blog\\\/2012\\\/11\\\/estados-unidos-la-estatua-de-la-libertad-reabre-al-publico-tras-su-restauracion\\\/\",\"url\":\"https:\\\/\\\/www.viatgeaddictes.com\\\/blog\\\/2012\\\/11\\\/estados-unidos-la-estatua-de-la-libertad-reabre-al-publico-tras-su-restauracion\\\/\",\"name\":\"ESTADOS UNIDOS - La Estatua de la Libertad reabre al p\u00fablico tras su restauraci\u00f3n\",\"isPartOf\":{\"@id\":\"https:\\\/\\\/www.viatgeaddictes.com\\\/blog\\\/#website\"},\"primaryImageOfPage\":{\"@id\":\"https:\\\/\\\/www.viatgeaddictes.com\\\/blog\\\/2012\\\/11\\\/estados-unidos-la-estatua-de-la-libertad-reabre-al-publico-tras-su-restauracion\\\/#primaryimage\"},\"image\":{\"@id\":\"https:\\\/\\\/www.viatgeaddictes.com\\\/blog\\\/2012\\\/11\\\/estados-unidos-la-estatua-de-la-libertad-reabre-al-publico-tras-su-restauracion\\\/#primaryimage\"},\"thumbnailUrl\":\"http:\\\/\\\/www.viatgeaddictes.com\\\/blog\\\/wp-content\\\/uploads\\\/2012\\\/11\\\/usab.gif\",\"datePublished\":\"2012-11-02T15:32:52+00:00\",\"description\":\"La corona de la Estatua de la Libertad, en la ciudad de Nueva York, vuelve a estar abierta al p\u00fablico desde el domingo 28 de octubre, el d\u00eda de su 126\",\"breadcrumb\":{\"@id\":\"https:\\\/\\\/www.viatgeaddictes.com\\\/blog\\\/2012\\\/11\\\/estados-unidos-la-estatua-de-la-libertad-reabre-al-publico-tras-su-restauracion\\\/#breadcrumb\"},\"inLanguage\":\"es\",\"potentialAction\":[{\"@type\":\"ReadAction\",\"target\":[\"https:\\\/\\\/www.viatgeaddictes.com\\\/blog\\\/2012\\\/11\\\/estados-unidos-la-estatua-de-la-libertad-reabre-al-publico-tras-su-restauracion\\\/\"]}]},{\"@type\":\"ImageObject\",\"inLanguage\":\"es\",\"@id\":\"https:\\\/\\\/www.viatgeaddictes.com\\\/blog\\\/2012\\\/11\\\/estados-unidos-la-estatua-de-la-libertad-reabre-al-publico-tras-su-restauracion\\\/#primaryimage\",\"url\":\"https:\\\/\\\/www.viatgeaddictes.com\\\/blog\\\/wp-content\\\/uploads\\\/2012\\\/11\\\/usab.gif\",\"contentUrl\":\"https:\\\/\\\/www.viatgeaddictes.com\\\/blog\\\/wp-content\\\/uploads\\\/2012\\\/11\\\/usab.gif\",\"width\":\"49\",\"height\":\"33\"},{\"@type\":\"BreadcrumbList\",\"@id\":\"https:\\\/\\\/www.viatgeaddictes.com\\\/blog\\\/2012\\\/11\\\/estados-unidos-la-estatua-de-la-libertad-reabre-al-publico-tras-su-restauracion\\\/#breadcrumb\",\"itemListElement\":[{\"@type\":\"ListItem\",\"position\":1,\"name\":\"Inici\",\"item\":\"https:\\\/\\\/www.viatgeaddictes.com\\\/blog\\\/\"},{\"@type\":\"ListItem\",\"position\":2,\"name\":\"ESTADOS UNIDOS &#8211; La Estatua de la Libertad reabre al p\u00fablico tras su restauraci\u00f3n\"}]},{\"@type\":\"WebSite\",\"@id\":\"https:\\\/\\\/www.viatgeaddictes.com\\\/blog\\\/#website\",\"url\":\"https:\\\/\\\/www.viatgeaddictes.com\\\/blog\\\/\",\"name\":\"Viatgeaddictes - Blog de noticias de viajes y turismo\",\"description\":\"Viatgeaddictes.com, recursos para el viajero independiente\",\"publisher\":{\"@id\":\"https:\\\/\\\/www.viatgeaddictes.com\\\/blog\\\/#\\\/schema\\\/person\\\/37801c6f1a42b1acccc2262e8b9fb40a\"},\"potentialAction\":[{\"@type\":\"SearchAction\",\"target\":{\"@type\":\"EntryPoint\",\"urlTemplate\":\"https:\\\/\\\/www.viatgeaddictes.com\\\/blog\\\/?s={search_term_string}\"},\"query-input\":{\"@type\":\"PropertyValueSpecification\",\"valueRequired\":true,\"valueName\":\"search_term_string\"}}],\"inLanguage\":\"es\"},{\"@type\":[\"Person\",\"Organization\"],\"@id\":\"https:\\\/\\\/www.viatgeaddictes.com\\\/blog\\\/#\\\/schema\\\/person\\\/37801c6f1a42b1acccc2262e8b9fb40a\",\"name\":\"Viatgeaddictes\",\"image\":{\"@type\":\"ImageObject\",\"inLanguage\":\"es\",\"@id\":\"https:\\\/\\\/secure.gravatar.com\\\/avatar\\\/8e539e3957a5de243b927337e71f118ed9f49b85e9cc445b9cb8ac83700f32c6?s=96&d=identicon&r=g\",\"url\":\"https:\\\/\\\/secure.gravatar.com\\\/avatar\\\/8e539e3957a5de243b927337e71f118ed9f49b85e9cc445b9cb8ac83700f32c6?s=96&d=identicon&r=g\",\"contentUrl\":\"https:\\\/\\\/secure.gravatar.com\\\/avatar\\\/8e539e3957a5de243b927337e71f118ed9f49b85e9cc445b9cb8ac83700f32c6?s=96&d=identicon&r=g\",\"caption\":\"Viatgeaddictes\"},\"logo\":{\"@id\":\"https:\\\/\\\/secure.gravatar.com\\\/avatar\\\/8e539e3957a5de243b927337e71f118ed9f49b85e9cc445b9cb8ac83700f32c6?s=96&d=identicon&r=g\"},\"sameAs\":[\"https:\\\/\\\/www.viatgeaddictes.com\",\"facebook.com\\\/viatgeaddictes\",\"instagram.com\\\/viatgeaddictes\",\"https:\\\/\\\/x.com\\\/viatgeaddictes\",\"youtube.com\\\/viatgeaddictes\"],\"url\":\"https:\\\/\\\/www.viatgeaddictes.com\\\/blog\\\/author\\\/viatgeaddictes\\\/\"}]}<\/script>\n<!-- \/ Yoast SEO plugin. -->","yoast_head_json":{"title":"ESTADOS UNIDOS - La Estatua de la Libertad reabre al p\u00fablico tras su restauraci\u00f3n","description":"La corona de la Estatua de la Libertad, en la ciudad de Nueva York, vuelve a estar abierta al p\u00fablico desde el domingo 28 de octubre, el d\u00eda de su 126","robots":{"index":"index","follow":"follow","max-snippet":"max-snippet:-1","max-image-preview":"max-image-preview:large","max-video-preview":"max-video-preview:-1"},"canonical":"https:\/\/www.viatgeaddictes.com\/blog\/2012\/11\/estados-unidos-la-estatua-de-la-libertad-reabre-al-publico-tras-su-restauracion\/","og_locale":"es_ES","og_type":"article","og_title":"ESTADOS UNIDOS - La Estatua de la Libertad reabre al p\u00fablico tras su restauraci\u00f3n","og_description":"La corona de la Estatua de la Libertad, en la ciudad de Nueva York, vuelve a estar abierta al p\u00fablico desde el domingo 28 de octubre, el d\u00eda de su 126","og_url":"https:\/\/www.viatgeaddictes.com\/blog\/2012\/11\/estados-unidos-la-estatua-de-la-libertad-reabre-al-publico-tras-su-restauracion\/","og_site_name":"Blog de noticias de viajes y turismo","article_publisher":"facebook.com\/viatgeaddictes","article_author":"facebook.com\/viatgeaddictes","article_published_time":"2012-11-02T15:32:52+00:00","og_image":[{"url":"http:\/\/www.viatgeaddictes.com\/blog\/wp-content\/uploads\/2012\/11\/usab.gif","type":"","width":"","height":""}],"author":"Viatgeaddictes","twitter_card":"summary_large_image","twitter_creator":"@viatgeaddictes","twitter_site":"@viatgeaddictes","twitter_misc":{"Escrito por":"Viatgeaddictes","Tiempo de lectura":"1 minuto"},"schema":{"@context":"https:\/\/schema.org","@graph":[{"@type":"Article","@id":"https:\/\/www.viatgeaddictes.com\/blog\/2012\/11\/estados-unidos-la-estatua-de-la-libertad-reabre-al-publico-tras-su-restauracion\/#article","isPartOf":{"@id":"https:\/\/www.viatgeaddictes.com\/blog\/2012\/11\/estados-unidos-la-estatua-de-la-libertad-reabre-al-publico-tras-su-restauracion\/"},"author":{"name":"Viatgeaddictes","@id":"https:\/\/www.viatgeaddictes.com\/blog\/#\/schema\/person\/37801c6f1a42b1acccc2262e8b9fb40a"},"headline":"ESTADOS UNIDOS &#8211; La Estatua de la Libertad reabre al p\u00fablico tras su restauraci\u00f3n","datePublished":"2012-11-02T15:32:52+00:00","mainEntityOfPage":{"@id":"https:\/\/www.viatgeaddictes.com\/blog\/2012\/11\/estados-unidos-la-estatua-de-la-libertad-reabre-al-publico-tras-su-restauracion\/"},"wordCount":124,"commentCount":0,"publisher":{"@id":"https:\/\/www.viatgeaddictes.com\/blog\/#\/schema\/person\/37801c6f1a42b1acccc2262e8b9fb40a"},"image":{"@id":"https:\/\/www.viatgeaddictes.com\/blog\/2012\/11\/estados-unidos-la-estatua-de-la-libertad-reabre-al-publico-tras-su-restauracion\/#primaryimage"},"thumbnailUrl":"http:\/\/www.viatgeaddictes.com\/blog\/wp-content\/uploads\/2012\/11\/usab.gif","keywords":["Am\u00e9rica del Norte","EEUU"],"articleSection":["Turismo"],"inLanguage":"es","potentialAction":[{"@type":"CommentAction","name":"Comment","target":["https:\/\/www.viatgeaddictes.com\/blog\/2012\/11\/estados-unidos-la-estatua-de-la-libertad-reabre-al-publico-tras-su-restauracion\/#respond"]}]},{"@type":"WebPage","@id":"https:\/\/www.viatgeaddictes.com\/blog\/2012\/11\/estados-unidos-la-estatua-de-la-libertad-reabre-al-publico-tras-su-restauracion\/","url":"https:\/\/www.viatgeaddictes.com\/blog\/2012\/11\/estados-unidos-la-estatua-de-la-libertad-reabre-al-publico-tras-su-restauracion\/","name":"ESTADOS UNIDOS - La Estatua de la Libertad reabre al p\u00fablico tras su restauraci\u00f3n","isPartOf":{"@id":"https:\/\/www.viatgeaddictes.com\/blog\/#website"},"primaryImageOfPage":{"@id":"https:\/\/www.viatgeaddictes.com\/blog\/2012\/11\/estados-unidos-la-estatua-de-la-libertad-reabre-al-publico-tras-su-restauracion\/#primaryimage"},"image":{"@id":"https:\/\/www.viatgeaddictes.com\/blog\/2012\/11\/estados-unidos-la-estatua-de-la-libertad-reabre-al-publico-tras-su-restauracion\/#primaryimage"},"thumbnailUrl":"http:\/\/www.viatgeaddictes.com\/blog\/wp-content\/uploads\/2012\/11\/usab.gif","datePublished":"2012-11-02T15:32:52+00:00","description":"La corona de la Estatua de la Libertad, en la ciudad de Nueva York, vuelve a estar abierta al p\u00fablico desde el domingo 28 de octubre, el d\u00eda de su 126","breadcrumb":{"@id":"https:\/\/www.viatgeaddictes.com\/blog\/2012\/11\/estados-unidos-la-estatua-de-la-libertad-reabre-al-publico-tras-su-restauracion\/#breadcrumb"},"inLanguage":"es","potentialAction":[{"@type":"ReadAction","target":["https:\/\/www.viatgeaddictes.com\/blog\/2012\/11\/estados-unidos-la-estatua-de-la-libertad-reabre-al-publico-tras-su-restauracion\/"]}]},{"@type":"ImageObject","inLanguage":"es","@id":"https:\/\/www.viatgeaddictes.com\/blog\/2012\/11\/estados-unidos-la-estatua-de-la-libertad-reabre-al-publico-tras-su-restauracion\/#primaryimage","url":"https:\/\/www.viatgeaddictes.com\/blog\/wp-content\/uploads\/2012\/11\/usab.gif","contentUrl":"https:\/\/www.viatgeaddictes.com\/blog\/wp-content\/uploads\/2012\/11\/usab.gif","width":"49","height":"33"},{"@type":"BreadcrumbList","@id":"https:\/\/www.viatgeaddictes.com\/blog\/2012\/11\/estados-unidos-la-estatua-de-la-libertad-reabre-al-publico-tras-su-restauracion\/#breadcrumb","itemListElement":[{"@type":"ListItem","position":1,"name":"Inici","item":"https:\/\/www.viatgeaddictes.com\/blog\/"},{"@type":"ListItem","position":2,"name":"ESTADOS UNIDOS &#8211; La Estatua de la Libertad reabre al p\u00fablico tras su restauraci\u00f3n"}]},{"@type":"WebSite","@id":"https:\/\/www.viatgeaddictes.com\/blog\/#website","url":"https:\/\/www.viatgeaddictes.com\/blog\/","name":"Viatgeaddictes - Blog de noticias de viajes y turismo","description":"Viatgeaddictes.com, recursos para el viajero independiente","publisher":{"@id":"https:\/\/www.viatgeaddictes.com\/blog\/#\/schema\/person\/37801c6f1a42b1acccc2262e8b9fb40a"},"potentialAction":[{"@type":"SearchAction","target":{"@type":"EntryPoint","urlTemplate":"https:\/\/www.viatgeaddictes.com\/blog\/?s={search_term_string}"},"query-input":{"@type":"PropertyValueSpecification","valueRequired":true,"valueName":"search_term_string"}}],"inLanguage":"es"},{"@type":["Person","Organization"],"@id":"https:\/\/www.viatgeaddictes.com\/blog\/#\/schema\/person\/37801c6f1a42b1acccc2262e8b9fb40a","name":"Viatgeaddictes","image":{"@type":"ImageObject","inLanguage":"es","@id":"https:\/\/secure.gravatar.com\/avatar\/8e539e3957a5de243b927337e71f118ed9f49b85e9cc445b9cb8ac83700f32c6?s=96&d=identicon&r=g","url":"https:\/\/secure.gravatar.com\/avatar\/8e539e3957a5de243b927337e71f118ed9f49b85e9cc445b9cb8ac83700f32c6?s=96&d=identicon&r=g","contentUrl":"https:\/\/secure.gravatar.com\/avatar\/8e539e3957a5de243b927337e71f118ed9f49b85e9cc445b9cb8ac83700f32c6?s=96&d=identicon&r=g","caption":"Viatgeaddictes"},"logo":{"@id":"https:\/\/secure.gravatar.com\/avatar\/8e539e3957a5de243b927337e71f118ed9f49b85e9cc445b9cb8ac83700f32c6?s=96&d=identicon&r=g"},"sameAs":["https:\/\/www.viatgeaddictes.com","facebook.com\/viatgeaddictes","instagram.com\/viatgeaddictes","https:\/\/x.com\/viatgeaddictes","youtube.com\/viatgeaddictes"],"url":"https:\/\/www.viatgeaddictes.com\/blog\/author\/viatgeaddictes\/"}]}},"jetpack_featured_media_url":"","jetpack_sharing_enabled":true,"jetpack_likes_enabled":true,"_links":{"self":[{"href":"https:\/\/www.viatgeaddictes.com\/blog\/wp-json\/wp\/v2\/posts\/100283","targetHints":{"allow":["GET"]}}],"collection":[{"href":"https:\/\/www.viatgeaddictes.com\/blog\/wp-json\/wp\/v2\/posts"}],"about":[{"href":"https:\/\/www.viatgeaddictes.com\/blog\/wp-json\/wp\/v2\/types\/post"}],"author":[{"embeddable":true,"href":"https:\/\/www.viatgeaddictes.com\/blog\/wp-json\/wp\/v2\/users\/2"}],"replies":[{"embeddable":true,"href":"https:\/\/www.viatgeaddictes.com\/blog\/wp-json\/wp\/v2\/comments?post=100283"}],"version-history":[{"count":0,"href":"https:\/\/www.viatgeaddictes.com\/blog\/wp-json\/wp\/v2\/posts\/100283\/revisions"}],"wp:attachment":[{"href":"https:\/\/www.viatgeaddictes.com\/blog\/wp-json\/wp\/v2\/media?parent=100283"}],"wp:term":[{"taxonomy":"category","embeddable":true,"href":"https:\/\/www.viatgeaddictes.com\/blog\/wp-json\/wp\/v2\/categories?post=100283"},{"taxonomy":"post_tag","embeddable":true,"href":"https:\/\/www.viatgeaddictes.com\/blog\/wp-json\/wp\/v2\/tags?post=100283"}],"curies":[{"name":"wp","href":"https:\/\/api.w.org\/{rel}","templated":true}]}}