{"id":100252,"date":"2012-10-09T15:37:01","date_gmt":"2012-10-09T13:37:01","guid":{"rendered":"http:\/\/www.viatgeaddictes.com\/blog\/?p=252"},"modified":"2012-10-09T15:39:44","modified_gmt":"2012-10-09T13:39:44","slug":"catalunya-torna-el-programa-de-radio-els-viatgers-de-la-gran-anaconda","status":"publish","type":"post","link":"https:\/\/www.viatgeaddictes.com\/blog\/2012\/10\/catalunya-torna-el-programa-de-radio-els-viatgers-de-la-gran-anaconda\/","title":{"rendered":"CATALUNYA &#8211; Torna el programa de r\u00e0dio Els viatgers de la Gran Anaconda"},"content":{"rendered":"<p>Encara que amb una mica de retard, ens volem fer ress\u00f3 en aquest bloc de la tornada, ara fa un mes, del programa de r\u00e0dio <a href=\"http:\/\/www.catradio.cat\/programa\/1445\/Els-viatgers-de-la-Gran-Anaconda\" target=\"_blank\">Els viatgers de la Gran Anaconda<\/a>, un cl\u00e0ssic de la r\u00e0dio per a qualsevol persona interessada a con\u00e8ixer millor la gent i paisatges del nostre planeta.<\/p>\n<p>Despr\u00e9s d&#8217;uns anys absent de la graella de <strong>Catalunya R\u00e0dio<\/strong>, a principis del passat mes de setembre va comen\u00e7ar la nova etapa d&#8217;aquest programa, el qual compta amb noves seccions i nous col.laboradors. S&#8217;emet en directe tots els diumenges de 14 a 16 h. i est\u00e0 presentat novament per <strong>Toni Arbon\u00e8s<\/strong>. De tota manera tamb\u00e9 es pot escoltar online a trav\u00e9s del web del programa.<\/p>\n<p>Tal i com s&#8217;explica al web del programa &#8230;<\/p>\n<blockquote><p><strong>Els viatgers de la Gran Anaconda<\/strong> no \u00e9s un programa de viatges, sin\u00f3 de coneixement del m\u00f3n: el viatge vist com una universitat avan\u00e7ada i complement\u00e0ria de la vida. El viatge fa de met\u00e0fora, de vehicle per acostar-nos a altres paisatges f\u00edsics i humans d&#8217;arreu de la Terra.<\/p>\n<p>Es tracta de facilitar la descoberta d&#8217;altres universos de pensament a partir de les viv\u00e8ncies dels viatgers i viatgeres de l&#8217;\u00e0mbit cultural catal\u00e0. Ells s\u00f3n els protagonistes del programa, que aporten les not\u00edcies m\u00e9s fresques del m\u00f3n recollides sense intermediaris. Una finestra oberta per mirar m\u00e9s enll\u00e0 del nostre horitz\u00f3 cultural, estar al corrent del m\u00f3n en qu\u00e8 vivim i agafar perspectiva respecte a nosaltres mateixos, perqu\u00e8 el viatge ens pugui donar la mesura exacta del que som.<\/p><\/blockquote>\n<p>Des d&#8217;aqu\u00ed desitgem molta sort al programa i el seu equip en aquesta nova etapa, tot esperant que alimenti els nostres viatges, reals o imaginaris.<\/p>\n","protected":false},"excerpt":{"rendered":"<p>Encara que amb una mica de retard, ens volem fer ress\u00f3 en aquest bloc de la tornada, ara fa un mes, del programa de r\u00e0dio Els viatgers de la Gran Anaconda, un cl\u00e0ssic de la r\u00e0dio per a qualsevol persona &hellip; <a href=\"https:\/\/www.viatgeaddictes.com\/blog\/2012\/10\/catalunya-torna-el-programa-de-radio-els-viatgers-de-la-gran-anaconda\/\">Sigue leyendo <span class=\"meta-nav\">&rarr;<\/span><\/a><\/p>\n","protected":false},"author":2,"featured_media":0,"comment_status":"open","ping_status":"open","sticky":false,"template":"","format":"standard","meta":{"_jetpack_memberships_contains_paid_content":false,"footnotes":""},"categories":[88],"tags":[44,89],"class_list":["post-100252","post","type-post","status-publish","format-standard","hentry","category-comunicacion","tag-catalunya","tag-radio"],"yoast_head":"<!-- This site is optimized with the Yoast SEO plugin v27.5 - https:\/\/yoast.com\/product\/yoast-seo-wordpress\/ -->\n<title>CATALUNYA - Torna el programa de r\u00e0dio Els viatgers de la Gran Anaconda<\/title>\n<meta name=\"description\" content=\"Encara que amb una mica de retard, ens volem fer ress\u00f3 en aquest bloc de la tornada, ara fa un mes, del programa de r\u00e0dio Els viatgers de la Gran\" \/>\n<meta name=\"robots\" content=\"index, follow, max-snippet:-1, max-image-preview:large, max-video-preview:-1\" \/>\n<link rel=\"canonical\" href=\"https:\/\/www.viatgeaddictes.com\/blog\/2012\/10\/catalunya-torna-el-programa-de-radio-els-viatgers-de-la-gran-anaconda\/\" \/>\n<meta property=\"og:locale\" content=\"es_ES\" \/>\n<meta property=\"og:type\" content=\"article\" \/>\n<meta property=\"og:title\" content=\"CATALUNYA - Torna el programa de r\u00e0dio Els viatgers de la Gran Anaconda\" \/>\n<meta property=\"og:description\" content=\"Encara que amb una mica de retard, ens volem fer ress\u00f3 en aquest bloc de la tornada, ara fa un mes, del programa de r\u00e0dio Els viatgers de la Gran\" \/>\n<meta property=\"og:url\" content=\"https:\/\/www.viatgeaddictes.com\/blog\/2012\/10\/catalunya-torna-el-programa-de-radio-els-viatgers-de-la-gran-anaconda\/\" \/>\n<meta property=\"og:site_name\" content=\"Blog de noticias de viajes y turismo\" \/>\n<meta property=\"article:publisher\" content=\"facebook.com\/viatgeaddictes\" \/>\n<meta property=\"article:author\" content=\"facebook.com\/viatgeaddictes\" \/>\n<meta property=\"article:published_time\" content=\"2012-10-09T13:37:01+00:00\" \/>\n<meta property=\"article:modified_time\" content=\"2012-10-09T13:39:44+00:00\" \/>\n<meta name=\"author\" content=\"Viatgeaddictes\" \/>\n<meta name=\"twitter:card\" content=\"summary_large_image\" \/>\n<meta name=\"twitter:creator\" content=\"@viatgeaddictes\" \/>\n<meta name=\"twitter:site\" content=\"@viatgeaddictes\" \/>\n<meta name=\"twitter:label1\" content=\"Escrito por\" \/>\n\t<meta name=\"twitter:data1\" content=\"Viatgeaddictes\" \/>\n\t<meta name=\"twitter:label2\" content=\"Tiempo de lectura\" \/>\n\t<meta name=\"twitter:data2\" content=\"1 minuto\" \/>\n<script type=\"application\/ld+json\" class=\"yoast-schema-graph\">{\"@context\":\"https:\\\/\\\/schema.org\",\"@graph\":[{\"@type\":\"Article\",\"@id\":\"https:\\\/\\\/www.viatgeaddictes.com\\\/blog\\\/2012\\\/10\\\/catalunya-torna-el-programa-de-radio-els-viatgers-de-la-gran-anaconda\\\/#article\",\"isPartOf\":{\"@id\":\"https:\\\/\\\/www.viatgeaddictes.com\\\/blog\\\/2012\\\/10\\\/catalunya-torna-el-programa-de-radio-els-viatgers-de-la-gran-anaconda\\\/\"},\"author\":{\"name\":\"Viatgeaddictes\",\"@id\":\"https:\\\/\\\/www.viatgeaddictes.com\\\/blog\\\/#\\\/schema\\\/person\\\/37801c6f1a42b1acccc2262e8b9fb40a\"},\"headline\":\"CATALUNYA &#8211; Torna el programa de r\u00e0dio Els viatgers de la Gran Anaconda\",\"datePublished\":\"2012-10-09T13:37:01+00:00\",\"dateModified\":\"2012-10-09T13:39:44+00:00\",\"mainEntityOfPage\":{\"@id\":\"https:\\\/\\\/www.viatgeaddictes.com\\\/blog\\\/2012\\\/10\\\/catalunya-torna-el-programa-de-radio-els-viatgers-de-la-gran-anaconda\\\/\"},\"wordCount\":317,\"commentCount\":0,\"publisher\":{\"@id\":\"https:\\\/\\\/www.viatgeaddictes.com\\\/blog\\\/#\\\/schema\\\/person\\\/37801c6f1a42b1acccc2262e8b9fb40a\"},\"keywords\":[\"Catalunya\",\"r\u00e0dio\"],\"articleSection\":[\"Comunicaci\u00f3n\"],\"inLanguage\":\"es\",\"potentialAction\":[{\"@type\":\"CommentAction\",\"name\":\"Comment\",\"target\":[\"https:\\\/\\\/www.viatgeaddictes.com\\\/blog\\\/2012\\\/10\\\/catalunya-torna-el-programa-de-radio-els-viatgers-de-la-gran-anaconda\\\/#respond\"]}]},{\"@type\":\"WebPage\",\"@id\":\"https:\\\/\\\/www.viatgeaddictes.com\\\/blog\\\/2012\\\/10\\\/catalunya-torna-el-programa-de-radio-els-viatgers-de-la-gran-anaconda\\\/\",\"url\":\"https:\\\/\\\/www.viatgeaddictes.com\\\/blog\\\/2012\\\/10\\\/catalunya-torna-el-programa-de-radio-els-viatgers-de-la-gran-anaconda\\\/\",\"name\":\"CATALUNYA - Torna el programa de r\u00e0dio Els viatgers de la Gran Anaconda\",\"isPartOf\":{\"@id\":\"https:\\\/\\\/www.viatgeaddictes.com\\\/blog\\\/#website\"},\"datePublished\":\"2012-10-09T13:37:01+00:00\",\"dateModified\":\"2012-10-09T13:39:44+00:00\",\"description\":\"Encara que amb una mica de retard, ens volem fer ress\u00f3 en aquest bloc de la tornada, ara fa un mes, del programa de r\u00e0dio Els viatgers de la Gran\",\"breadcrumb\":{\"@id\":\"https:\\\/\\\/www.viatgeaddictes.com\\\/blog\\\/2012\\\/10\\\/catalunya-torna-el-programa-de-radio-els-viatgers-de-la-gran-anaconda\\\/#breadcrumb\"},\"inLanguage\":\"es\",\"potentialAction\":[{\"@type\":\"ReadAction\",\"target\":[\"https:\\\/\\\/www.viatgeaddictes.com\\\/blog\\\/2012\\\/10\\\/catalunya-torna-el-programa-de-radio-els-viatgers-de-la-gran-anaconda\\\/\"]}]},{\"@type\":\"BreadcrumbList\",\"@id\":\"https:\\\/\\\/www.viatgeaddictes.com\\\/blog\\\/2012\\\/10\\\/catalunya-torna-el-programa-de-radio-els-viatgers-de-la-gran-anaconda\\\/#breadcrumb\",\"itemListElement\":[{\"@type\":\"ListItem\",\"position\":1,\"name\":\"Inici\",\"item\":\"https:\\\/\\\/www.viatgeaddictes.com\\\/blog\\\/\"},{\"@type\":\"ListItem\",\"position\":2,\"name\":\"CATALUNYA &#8211; Torna el programa de r\u00e0dio Els viatgers de la Gran Anaconda\"}]},{\"@type\":\"WebSite\",\"@id\":\"https:\\\/\\\/www.viatgeaddictes.com\\\/blog\\\/#website\",\"url\":\"https:\\\/\\\/www.viatgeaddictes.com\\\/blog\\\/\",\"name\":\"Viatgeaddictes - Blog de noticias de viajes y turismo\",\"description\":\"Viatgeaddictes.com, recursos para el viajero independiente\",\"publisher\":{\"@id\":\"https:\\\/\\\/www.viatgeaddictes.com\\\/blog\\\/#\\\/schema\\\/person\\\/37801c6f1a42b1acccc2262e8b9fb40a\"},\"potentialAction\":[{\"@type\":\"SearchAction\",\"target\":{\"@type\":\"EntryPoint\",\"urlTemplate\":\"https:\\\/\\\/www.viatgeaddictes.com\\\/blog\\\/?s={search_term_string}\"},\"query-input\":{\"@type\":\"PropertyValueSpecification\",\"valueRequired\":true,\"valueName\":\"search_term_string\"}}],\"inLanguage\":\"es\"},{\"@type\":[\"Person\",\"Organization\"],\"@id\":\"https:\\\/\\\/www.viatgeaddictes.com\\\/blog\\\/#\\\/schema\\\/person\\\/37801c6f1a42b1acccc2262e8b9fb40a\",\"name\":\"Viatgeaddictes\",\"image\":{\"@type\":\"ImageObject\",\"inLanguage\":\"es\",\"@id\":\"https:\\\/\\\/secure.gravatar.com\\\/avatar\\\/8e539e3957a5de243b927337e71f118ed9f49b85e9cc445b9cb8ac83700f32c6?s=96&d=identicon&r=g\",\"url\":\"https:\\\/\\\/secure.gravatar.com\\\/avatar\\\/8e539e3957a5de243b927337e71f118ed9f49b85e9cc445b9cb8ac83700f32c6?s=96&d=identicon&r=g\",\"contentUrl\":\"https:\\\/\\\/secure.gravatar.com\\\/avatar\\\/8e539e3957a5de243b927337e71f118ed9f49b85e9cc445b9cb8ac83700f32c6?s=96&d=identicon&r=g\",\"caption\":\"Viatgeaddictes\"},\"logo\":{\"@id\":\"https:\\\/\\\/secure.gravatar.com\\\/avatar\\\/8e539e3957a5de243b927337e71f118ed9f49b85e9cc445b9cb8ac83700f32c6?s=96&d=identicon&r=g\"},\"sameAs\":[\"https:\\\/\\\/www.viatgeaddictes.com\",\"facebook.com\\\/viatgeaddictes\",\"instagram.com\\\/viatgeaddictes\",\"https:\\\/\\\/x.com\\\/viatgeaddictes\",\"youtube.com\\\/viatgeaddictes\"],\"url\":\"https:\\\/\\\/www.viatgeaddictes.com\\\/blog\\\/author\\\/viatgeaddictes\\\/\"}]}<\/script>\n<!-- \/ Yoast SEO plugin. -->","yoast_head_json":{"title":"CATALUNYA - Torna el programa de r\u00e0dio Els viatgers de la Gran Anaconda","description":"Encara que amb una mica de retard, ens volem fer ress\u00f3 en aquest bloc de la tornada, ara fa un mes, del programa de r\u00e0dio Els viatgers de la Gran","robots":{"index":"index","follow":"follow","max-snippet":"max-snippet:-1","max-image-preview":"max-image-preview:large","max-video-preview":"max-video-preview:-1"},"canonical":"https:\/\/www.viatgeaddictes.com\/blog\/2012\/10\/catalunya-torna-el-programa-de-radio-els-viatgers-de-la-gran-anaconda\/","og_locale":"es_ES","og_type":"article","og_title":"CATALUNYA - Torna el programa de r\u00e0dio Els viatgers de la Gran Anaconda","og_description":"Encara que amb una mica de retard, ens volem fer ress\u00f3 en aquest bloc de la tornada, ara fa un mes, del programa de r\u00e0dio Els viatgers de la Gran","og_url":"https:\/\/www.viatgeaddictes.com\/blog\/2012\/10\/catalunya-torna-el-programa-de-radio-els-viatgers-de-la-gran-anaconda\/","og_site_name":"Blog de noticias de viajes y turismo","article_publisher":"facebook.com\/viatgeaddictes","article_author":"facebook.com\/viatgeaddictes","article_published_time":"2012-10-09T13:37:01+00:00","article_modified_time":"2012-10-09T13:39:44+00:00","author":"Viatgeaddictes","twitter_card":"summary_large_image","twitter_creator":"@viatgeaddictes","twitter_site":"@viatgeaddictes","twitter_misc":{"Escrito por":"Viatgeaddictes","Tiempo de lectura":"1 minuto"},"schema":{"@context":"https:\/\/schema.org","@graph":[{"@type":"Article","@id":"https:\/\/www.viatgeaddictes.com\/blog\/2012\/10\/catalunya-torna-el-programa-de-radio-els-viatgers-de-la-gran-anaconda\/#article","isPartOf":{"@id":"https:\/\/www.viatgeaddictes.com\/blog\/2012\/10\/catalunya-torna-el-programa-de-radio-els-viatgers-de-la-gran-anaconda\/"},"author":{"name":"Viatgeaddictes","@id":"https:\/\/www.viatgeaddictes.com\/blog\/#\/schema\/person\/37801c6f1a42b1acccc2262e8b9fb40a"},"headline":"CATALUNYA &#8211; Torna el programa de r\u00e0dio Els viatgers de la Gran Anaconda","datePublished":"2012-10-09T13:37:01+00:00","dateModified":"2012-10-09T13:39:44+00:00","mainEntityOfPage":{"@id":"https:\/\/www.viatgeaddictes.com\/blog\/2012\/10\/catalunya-torna-el-programa-de-radio-els-viatgers-de-la-gran-anaconda\/"},"wordCount":317,"commentCount":0,"publisher":{"@id":"https:\/\/www.viatgeaddictes.com\/blog\/#\/schema\/person\/37801c6f1a42b1acccc2262e8b9fb40a"},"keywords":["Catalunya","r\u00e0dio"],"articleSection":["Comunicaci\u00f3n"],"inLanguage":"es","potentialAction":[{"@type":"CommentAction","name":"Comment","target":["https:\/\/www.viatgeaddictes.com\/blog\/2012\/10\/catalunya-torna-el-programa-de-radio-els-viatgers-de-la-gran-anaconda\/#respond"]}]},{"@type":"WebPage","@id":"https:\/\/www.viatgeaddictes.com\/blog\/2012\/10\/catalunya-torna-el-programa-de-radio-els-viatgers-de-la-gran-anaconda\/","url":"https:\/\/www.viatgeaddictes.com\/blog\/2012\/10\/catalunya-torna-el-programa-de-radio-els-viatgers-de-la-gran-anaconda\/","name":"CATALUNYA - Torna el programa de r\u00e0dio Els viatgers de la Gran Anaconda","isPartOf":{"@id":"https:\/\/www.viatgeaddictes.com\/blog\/#website"},"datePublished":"2012-10-09T13:37:01+00:00","dateModified":"2012-10-09T13:39:44+00:00","description":"Encara que amb una mica de retard, ens volem fer ress\u00f3 en aquest bloc de la tornada, ara fa un mes, del programa de r\u00e0dio Els viatgers de la Gran","breadcrumb":{"@id":"https:\/\/www.viatgeaddictes.com\/blog\/2012\/10\/catalunya-torna-el-programa-de-radio-els-viatgers-de-la-gran-anaconda\/#breadcrumb"},"inLanguage":"es","potentialAction":[{"@type":"ReadAction","target":["https:\/\/www.viatgeaddictes.com\/blog\/2012\/10\/catalunya-torna-el-programa-de-radio-els-viatgers-de-la-gran-anaconda\/"]}]},{"@type":"BreadcrumbList","@id":"https:\/\/www.viatgeaddictes.com\/blog\/2012\/10\/catalunya-torna-el-programa-de-radio-els-viatgers-de-la-gran-anaconda\/#breadcrumb","itemListElement":[{"@type":"ListItem","position":1,"name":"Inici","item":"https:\/\/www.viatgeaddictes.com\/blog\/"},{"@type":"ListItem","position":2,"name":"CATALUNYA &#8211; Torna el programa de r\u00e0dio Els viatgers de la Gran Anaconda"}]},{"@type":"WebSite","@id":"https:\/\/www.viatgeaddictes.com\/blog\/#website","url":"https:\/\/www.viatgeaddictes.com\/blog\/","name":"Viatgeaddictes - Blog de noticias de viajes y turismo","description":"Viatgeaddictes.com, recursos para el viajero independiente","publisher":{"@id":"https:\/\/www.viatgeaddictes.com\/blog\/#\/schema\/person\/37801c6f1a42b1acccc2262e8b9fb40a"},"potentialAction":[{"@type":"SearchAction","target":{"@type":"EntryPoint","urlTemplate":"https:\/\/www.viatgeaddictes.com\/blog\/?s={search_term_string}"},"query-input":{"@type":"PropertyValueSpecification","valueRequired":true,"valueName":"search_term_string"}}],"inLanguage":"es"},{"@type":["Person","Organization"],"@id":"https:\/\/www.viatgeaddictes.com\/blog\/#\/schema\/person\/37801c6f1a42b1acccc2262e8b9fb40a","name":"Viatgeaddictes","image":{"@type":"ImageObject","inLanguage":"es","@id":"https:\/\/secure.gravatar.com\/avatar\/8e539e3957a5de243b927337e71f118ed9f49b85e9cc445b9cb8ac83700f32c6?s=96&d=identicon&r=g","url":"https:\/\/secure.gravatar.com\/avatar\/8e539e3957a5de243b927337e71f118ed9f49b85e9cc445b9cb8ac83700f32c6?s=96&d=identicon&r=g","contentUrl":"https:\/\/secure.gravatar.com\/avatar\/8e539e3957a5de243b927337e71f118ed9f49b85e9cc445b9cb8ac83700f32c6?s=96&d=identicon&r=g","caption":"Viatgeaddictes"},"logo":{"@id":"https:\/\/secure.gravatar.com\/avatar\/8e539e3957a5de243b927337e71f118ed9f49b85e9cc445b9cb8ac83700f32c6?s=96&d=identicon&r=g"},"sameAs":["https:\/\/www.viatgeaddictes.com","facebook.com\/viatgeaddictes","instagram.com\/viatgeaddictes","https:\/\/x.com\/viatgeaddictes","youtube.com\/viatgeaddictes"],"url":"https:\/\/www.viatgeaddictes.com\/blog\/author\/viatgeaddictes\/"}]}},"jetpack_featured_media_url":"","jetpack_sharing_enabled":true,"jetpack_likes_enabled":true,"_links":{"self":[{"href":"https:\/\/www.viatgeaddictes.com\/blog\/wp-json\/wp\/v2\/posts\/100252","targetHints":{"allow":["GET"]}}],"collection":[{"href":"https:\/\/www.viatgeaddictes.com\/blog\/wp-json\/wp\/v2\/posts"}],"about":[{"href":"https:\/\/www.viatgeaddictes.com\/blog\/wp-json\/wp\/v2\/types\/post"}],"author":[{"embeddable":true,"href":"https:\/\/www.viatgeaddictes.com\/blog\/wp-json\/wp\/v2\/users\/2"}],"replies":[{"embeddable":true,"href":"https:\/\/www.viatgeaddictes.com\/blog\/wp-json\/wp\/v2\/comments?post=100252"}],"version-history":[{"count":0,"href":"https:\/\/www.viatgeaddictes.com\/blog\/wp-json\/wp\/v2\/posts\/100252\/revisions"}],"wp:attachment":[{"href":"https:\/\/www.viatgeaddictes.com\/blog\/wp-json\/wp\/v2\/media?parent=100252"}],"wp:term":[{"taxonomy":"category","embeddable":true,"href":"https:\/\/www.viatgeaddictes.com\/blog\/wp-json\/wp\/v2\/categories?post=100252"},{"taxonomy":"post_tag","embeddable":true,"href":"https:\/\/www.viatgeaddictes.com\/blog\/wp-json\/wp\/v2\/tags?post=100252"}],"curies":[{"name":"wp","href":"https:\/\/api.w.org\/{rel}","templated":true}]}}