{"id":100105,"date":"2011-08-25T14:44:41","date_gmt":"2011-08-25T12:44:41","guid":{"rendered":"http:\/\/www.viatgeaddictes.com\/blog\/?p=105"},"modified":"2012-08-17T14:46:04","modified_gmt":"2012-08-17T12:46:04","slug":"portugal-tras-la-norma-del-pago-en-las-autovias-del-norte-cae-el-numero-de-visitantes-a-portugal","status":"publish","type":"post","link":"https:\/\/www.viatgeaddictes.com\/blog\/2011\/08\/portugal-tras-la-norma-del-pago-en-las-autovias-del-norte-cae-el-numero-de-visitantes-a-portugal\/","title":{"rendered":"PORTUGAL &#8211; Tras la norma del pago en las autov\u00edas del norte cae el n\u00famero de visitantes a Portugal"},"content":{"rendered":"<p>Casi un a\u00f1o despu\u00e9s de que el\u00a0<a href=\"http:\/\/www.hoy.es\/20101015\/local\/autopistas-norte-portugal-dejaran-201010151722.html\">Gobierno portugu\u00e9s decidiera cobrar por la utilizaci\u00f3n de las autov\u00edas del norte<\/a>, ya se ha hecho un primer balance de la medida y tanto los comerciantes, como hosteleros y trabajadores del sector servicios de los municipios fronterizos con Espa\u00f1a, coinciden en se\u00f1alar que las visitas de ciudadanos extranjeros, sobre todo espa\u00f1oles, se han reducido a la mitad.<\/p>\n<p>Todos concluyen que el flujo de visitantes ha ca\u00eddo en picado, not\u00e1ndose, por ejemplo, que ahora hay muchos menos espa\u00f1oles que el a\u00f1o pasado. La decisi\u00f3n del gobierno luso obliga a pagar un peaje en las autov\u00edas, y esta medida ha influido, por ejemplo, en el flujo de viajeros entre las ciudades de Vigo y Oporto.<\/p>\n<p>De la ca\u00edda de visitas y del negocio, son conocedores todos los organismos de la eurorregi\u00f3n atl\u00e1ntica, pero tambi\u00e9n los municipios de la frontera, quienes solicitan que el ejecutivo luso pueda reflexionar y facilite el sistema de pago, que hoy por hoy sigue siendo el principal obst\u00e1culo.<\/p>\n","protected":false},"excerpt":{"rendered":"<p>Casi un a\u00f1o despu\u00e9s de que el\u00a0Gobierno portugu\u00e9s decidiera cobrar por la utilizaci\u00f3n de las autov\u00edas del norte, ya se ha hecho un primer balance de la medida y tanto los comerciantes, como hosteleros y trabajadores del sector servicios de &hellip; <a href=\"https:\/\/www.viatgeaddictes.com\/blog\/2011\/08\/portugal-tras-la-norma-del-pago-en-las-autovias-del-norte-cae-el-numero-de-visitantes-a-portugal\/\">Sigue leyendo <span class=\"meta-nav\">&rarr;<\/span><\/a><\/p>\n","protected":false},"author":2,"featured_media":0,"comment_status":"open","ping_status":"open","sticky":false,"template":"","format":"standard","meta":{"_jetpack_memberships_contains_paid_content":false,"footnotes":""},"categories":[28],"tags":[13,60],"class_list":["post-100105","post","type-post","status-publish","format-standard","hentry","category-turismo","tag-europa","tag-portugal"],"yoast_head":"<!-- This site is optimized with the Yoast SEO plugin v27.5 - https:\/\/yoast.com\/product\/yoast-seo-wordpress\/ -->\n<title>PORTUGAL - Tras la norma del pago en las autov\u00edas del norte cae el n\u00famero de visitantes a Portugal<\/title>\n<meta name=\"description\" content=\"Casi un a\u00f1o despu\u00e9s de que el\u00a0Gobierno portugu\u00e9s decidiera cobrar por la utilizaci\u00f3n de las autov\u00edas del norte, ya se ha hecho un primer balance de la\" \/>\n<meta name=\"robots\" content=\"index, follow, max-snippet:-1, max-image-preview:large, max-video-preview:-1\" \/>\n<link rel=\"canonical\" href=\"https:\/\/www.viatgeaddictes.com\/blog\/2011\/08\/portugal-tras-la-norma-del-pago-en-las-autovias-del-norte-cae-el-numero-de-visitantes-a-portugal\/\" \/>\n<meta property=\"og:locale\" content=\"es_ES\" \/>\n<meta property=\"og:type\" content=\"article\" \/>\n<meta property=\"og:title\" content=\"PORTUGAL - Tras la norma del pago en las autov\u00edas del norte cae el n\u00famero de visitantes a Portugal\" \/>\n<meta property=\"og:description\" content=\"Casi un a\u00f1o despu\u00e9s de que el\u00a0Gobierno portugu\u00e9s decidiera cobrar por la utilizaci\u00f3n de las autov\u00edas del norte, ya se ha hecho un primer balance de la\" \/>\n<meta property=\"og:url\" content=\"https:\/\/www.viatgeaddictes.com\/blog\/2011\/08\/portugal-tras-la-norma-del-pago-en-las-autovias-del-norte-cae-el-numero-de-visitantes-a-portugal\/\" \/>\n<meta property=\"og:site_name\" content=\"Blog de noticias de viajes y turismo\" \/>\n<meta property=\"article:publisher\" content=\"facebook.com\/viatgeaddictes\" \/>\n<meta property=\"article:author\" content=\"facebook.com\/viatgeaddictes\" \/>\n<meta property=\"article:published_time\" content=\"2011-08-25T12:44:41+00:00\" \/>\n<meta property=\"article:modified_time\" content=\"2012-08-17T12:46:04+00:00\" \/>\n<meta name=\"author\" content=\"Viatgeaddictes\" \/>\n<meta name=\"twitter:card\" content=\"summary_large_image\" \/>\n<meta name=\"twitter:creator\" content=\"@viatgeaddictes\" \/>\n<meta name=\"twitter:site\" content=\"@viatgeaddictes\" \/>\n<meta name=\"twitter:label1\" content=\"Escrito por\" \/>\n\t<meta name=\"twitter:data1\" content=\"Viatgeaddictes\" \/>\n\t<meta name=\"twitter:label2\" content=\"Tiempo de lectura\" \/>\n\t<meta name=\"twitter:data2\" content=\"1 minuto\" \/>\n<script type=\"application\/ld+json\" class=\"yoast-schema-graph\">{\"@context\":\"https:\\\/\\\/schema.org\",\"@graph\":[{\"@type\":\"Article\",\"@id\":\"https:\\\/\\\/www.viatgeaddictes.com\\\/blog\\\/2011\\\/08\\\/portugal-tras-la-norma-del-pago-en-las-autovias-del-norte-cae-el-numero-de-visitantes-a-portugal\\\/#article\",\"isPartOf\":{\"@id\":\"https:\\\/\\\/www.viatgeaddictes.com\\\/blog\\\/2011\\\/08\\\/portugal-tras-la-norma-del-pago-en-las-autovias-del-norte-cae-el-numero-de-visitantes-a-portugal\\\/\"},\"author\":{\"name\":\"Viatgeaddictes\",\"@id\":\"https:\\\/\\\/www.viatgeaddictes.com\\\/blog\\\/#\\\/schema\\\/person\\\/37801c6f1a42b1acccc2262e8b9fb40a\"},\"headline\":\"PORTUGAL &#8211; Tras la norma del pago en las autov\u00edas del norte cae el n\u00famero de visitantes a Portugal\",\"datePublished\":\"2011-08-25T12:44:41+00:00\",\"dateModified\":\"2012-08-17T12:46:04+00:00\",\"mainEntityOfPage\":{\"@id\":\"https:\\\/\\\/www.viatgeaddictes.com\\\/blog\\\/2011\\\/08\\\/portugal-tras-la-norma-del-pago-en-las-autovias-del-norte-cae-el-numero-de-visitantes-a-portugal\\\/\"},\"wordCount\":207,\"commentCount\":0,\"publisher\":{\"@id\":\"https:\\\/\\\/www.viatgeaddictes.com\\\/blog\\\/#\\\/schema\\\/person\\\/37801c6f1a42b1acccc2262e8b9fb40a\"},\"keywords\":[\"Europa\",\"Portugal\"],\"articleSection\":[\"Turismo\"],\"inLanguage\":\"es\",\"potentialAction\":[{\"@type\":\"CommentAction\",\"name\":\"Comment\",\"target\":[\"https:\\\/\\\/www.viatgeaddictes.com\\\/blog\\\/2011\\\/08\\\/portugal-tras-la-norma-del-pago-en-las-autovias-del-norte-cae-el-numero-de-visitantes-a-portugal\\\/#respond\"]}]},{\"@type\":\"WebPage\",\"@id\":\"https:\\\/\\\/www.viatgeaddictes.com\\\/blog\\\/2011\\\/08\\\/portugal-tras-la-norma-del-pago-en-las-autovias-del-norte-cae-el-numero-de-visitantes-a-portugal\\\/\",\"url\":\"https:\\\/\\\/www.viatgeaddictes.com\\\/blog\\\/2011\\\/08\\\/portugal-tras-la-norma-del-pago-en-las-autovias-del-norte-cae-el-numero-de-visitantes-a-portugal\\\/\",\"name\":\"PORTUGAL - Tras la norma del pago en las autov\u00edas del norte cae el n\u00famero de visitantes a Portugal\",\"isPartOf\":{\"@id\":\"https:\\\/\\\/www.viatgeaddictes.com\\\/blog\\\/#website\"},\"datePublished\":\"2011-08-25T12:44:41+00:00\",\"dateModified\":\"2012-08-17T12:46:04+00:00\",\"description\":\"Casi un a\u00f1o despu\u00e9s de que el\u00a0Gobierno portugu\u00e9s decidiera cobrar por la utilizaci\u00f3n de las autov\u00edas del norte, ya se ha hecho un primer balance de la\",\"breadcrumb\":{\"@id\":\"https:\\\/\\\/www.viatgeaddictes.com\\\/blog\\\/2011\\\/08\\\/portugal-tras-la-norma-del-pago-en-las-autovias-del-norte-cae-el-numero-de-visitantes-a-portugal\\\/#breadcrumb\"},\"inLanguage\":\"es\",\"potentialAction\":[{\"@type\":\"ReadAction\",\"target\":[\"https:\\\/\\\/www.viatgeaddictes.com\\\/blog\\\/2011\\\/08\\\/portugal-tras-la-norma-del-pago-en-las-autovias-del-norte-cae-el-numero-de-visitantes-a-portugal\\\/\"]}]},{\"@type\":\"BreadcrumbList\",\"@id\":\"https:\\\/\\\/www.viatgeaddictes.com\\\/blog\\\/2011\\\/08\\\/portugal-tras-la-norma-del-pago-en-las-autovias-del-norte-cae-el-numero-de-visitantes-a-portugal\\\/#breadcrumb\",\"itemListElement\":[{\"@type\":\"ListItem\",\"position\":1,\"name\":\"Inici\",\"item\":\"https:\\\/\\\/www.viatgeaddictes.com\\\/blog\\\/\"},{\"@type\":\"ListItem\",\"position\":2,\"name\":\"PORTUGAL &#8211; Tras la norma del pago en las autov\u00edas del norte cae el n\u00famero de visitantes a Portugal\"}]},{\"@type\":\"WebSite\",\"@id\":\"https:\\\/\\\/www.viatgeaddictes.com\\\/blog\\\/#website\",\"url\":\"https:\\\/\\\/www.viatgeaddictes.com\\\/blog\\\/\",\"name\":\"Viatgeaddictes - Blog de noticias de viajes y turismo\",\"description\":\"Viatgeaddictes.com, recursos para el viajero independiente\",\"publisher\":{\"@id\":\"https:\\\/\\\/www.viatgeaddictes.com\\\/blog\\\/#\\\/schema\\\/person\\\/37801c6f1a42b1acccc2262e8b9fb40a\"},\"potentialAction\":[{\"@type\":\"SearchAction\",\"target\":{\"@type\":\"EntryPoint\",\"urlTemplate\":\"https:\\\/\\\/www.viatgeaddictes.com\\\/blog\\\/?s={search_term_string}\"},\"query-input\":{\"@type\":\"PropertyValueSpecification\",\"valueRequired\":true,\"valueName\":\"search_term_string\"}}],\"inLanguage\":\"es\"},{\"@type\":[\"Person\",\"Organization\"],\"@id\":\"https:\\\/\\\/www.viatgeaddictes.com\\\/blog\\\/#\\\/schema\\\/person\\\/37801c6f1a42b1acccc2262e8b9fb40a\",\"name\":\"Viatgeaddictes\",\"image\":{\"@type\":\"ImageObject\",\"inLanguage\":\"es\",\"@id\":\"https:\\\/\\\/secure.gravatar.com\\\/avatar\\\/8e539e3957a5de243b927337e71f118ed9f49b85e9cc445b9cb8ac83700f32c6?s=96&d=identicon&r=g\",\"url\":\"https:\\\/\\\/secure.gravatar.com\\\/avatar\\\/8e539e3957a5de243b927337e71f118ed9f49b85e9cc445b9cb8ac83700f32c6?s=96&d=identicon&r=g\",\"contentUrl\":\"https:\\\/\\\/secure.gravatar.com\\\/avatar\\\/8e539e3957a5de243b927337e71f118ed9f49b85e9cc445b9cb8ac83700f32c6?s=96&d=identicon&r=g\",\"caption\":\"Viatgeaddictes\"},\"logo\":{\"@id\":\"https:\\\/\\\/secure.gravatar.com\\\/avatar\\\/8e539e3957a5de243b927337e71f118ed9f49b85e9cc445b9cb8ac83700f32c6?s=96&d=identicon&r=g\"},\"sameAs\":[\"https:\\\/\\\/www.viatgeaddictes.com\",\"facebook.com\\\/viatgeaddictes\",\"instagram.com\\\/viatgeaddictes\",\"https:\\\/\\\/x.com\\\/viatgeaddictes\",\"youtube.com\\\/viatgeaddictes\"],\"url\":\"https:\\\/\\\/www.viatgeaddictes.com\\\/blog\\\/author\\\/viatgeaddictes\\\/\"}]}<\/script>\n<!-- \/ Yoast SEO plugin. -->","yoast_head_json":{"title":"PORTUGAL - Tras la norma del pago en las autov\u00edas del norte cae el n\u00famero de visitantes a Portugal","description":"Casi un a\u00f1o despu\u00e9s de que el\u00a0Gobierno portugu\u00e9s decidiera cobrar por la utilizaci\u00f3n de las autov\u00edas del norte, ya se ha hecho un primer balance de la","robots":{"index":"index","follow":"follow","max-snippet":"max-snippet:-1","max-image-preview":"max-image-preview:large","max-video-preview":"max-video-preview:-1"},"canonical":"https:\/\/www.viatgeaddictes.com\/blog\/2011\/08\/portugal-tras-la-norma-del-pago-en-las-autovias-del-norte-cae-el-numero-de-visitantes-a-portugal\/","og_locale":"es_ES","og_type":"article","og_title":"PORTUGAL - Tras la norma del pago en las autov\u00edas del norte cae el n\u00famero de visitantes a Portugal","og_description":"Casi un a\u00f1o despu\u00e9s de que el\u00a0Gobierno portugu\u00e9s decidiera cobrar por la utilizaci\u00f3n de las autov\u00edas del norte, ya se ha hecho un primer balance de la","og_url":"https:\/\/www.viatgeaddictes.com\/blog\/2011\/08\/portugal-tras-la-norma-del-pago-en-las-autovias-del-norte-cae-el-numero-de-visitantes-a-portugal\/","og_site_name":"Blog de noticias de viajes y turismo","article_publisher":"facebook.com\/viatgeaddictes","article_author":"facebook.com\/viatgeaddictes","article_published_time":"2011-08-25T12:44:41+00:00","article_modified_time":"2012-08-17T12:46:04+00:00","author":"Viatgeaddictes","twitter_card":"summary_large_image","twitter_creator":"@viatgeaddictes","twitter_site":"@viatgeaddictes","twitter_misc":{"Escrito por":"Viatgeaddictes","Tiempo de lectura":"1 minuto"},"schema":{"@context":"https:\/\/schema.org","@graph":[{"@type":"Article","@id":"https:\/\/www.viatgeaddictes.com\/blog\/2011\/08\/portugal-tras-la-norma-del-pago-en-las-autovias-del-norte-cae-el-numero-de-visitantes-a-portugal\/#article","isPartOf":{"@id":"https:\/\/www.viatgeaddictes.com\/blog\/2011\/08\/portugal-tras-la-norma-del-pago-en-las-autovias-del-norte-cae-el-numero-de-visitantes-a-portugal\/"},"author":{"name":"Viatgeaddictes","@id":"https:\/\/www.viatgeaddictes.com\/blog\/#\/schema\/person\/37801c6f1a42b1acccc2262e8b9fb40a"},"headline":"PORTUGAL &#8211; Tras la norma del pago en las autov\u00edas del norte cae el n\u00famero de visitantes a Portugal","datePublished":"2011-08-25T12:44:41+00:00","dateModified":"2012-08-17T12:46:04+00:00","mainEntityOfPage":{"@id":"https:\/\/www.viatgeaddictes.com\/blog\/2011\/08\/portugal-tras-la-norma-del-pago-en-las-autovias-del-norte-cae-el-numero-de-visitantes-a-portugal\/"},"wordCount":207,"commentCount":0,"publisher":{"@id":"https:\/\/www.viatgeaddictes.com\/blog\/#\/schema\/person\/37801c6f1a42b1acccc2262e8b9fb40a"},"keywords":["Europa","Portugal"],"articleSection":["Turismo"],"inLanguage":"es","potentialAction":[{"@type":"CommentAction","name":"Comment","target":["https:\/\/www.viatgeaddictes.com\/blog\/2011\/08\/portugal-tras-la-norma-del-pago-en-las-autovias-del-norte-cae-el-numero-de-visitantes-a-portugal\/#respond"]}]},{"@type":"WebPage","@id":"https:\/\/www.viatgeaddictes.com\/blog\/2011\/08\/portugal-tras-la-norma-del-pago-en-las-autovias-del-norte-cae-el-numero-de-visitantes-a-portugal\/","url":"https:\/\/www.viatgeaddictes.com\/blog\/2011\/08\/portugal-tras-la-norma-del-pago-en-las-autovias-del-norte-cae-el-numero-de-visitantes-a-portugal\/","name":"PORTUGAL - Tras la norma del pago en las autov\u00edas del norte cae el n\u00famero de visitantes a Portugal","isPartOf":{"@id":"https:\/\/www.viatgeaddictes.com\/blog\/#website"},"datePublished":"2011-08-25T12:44:41+00:00","dateModified":"2012-08-17T12:46:04+00:00","description":"Casi un a\u00f1o despu\u00e9s de que el\u00a0Gobierno portugu\u00e9s decidiera cobrar por la utilizaci\u00f3n de las autov\u00edas del norte, ya se ha hecho un primer balance de la","breadcrumb":{"@id":"https:\/\/www.viatgeaddictes.com\/blog\/2011\/08\/portugal-tras-la-norma-del-pago-en-las-autovias-del-norte-cae-el-numero-de-visitantes-a-portugal\/#breadcrumb"},"inLanguage":"es","potentialAction":[{"@type":"ReadAction","target":["https:\/\/www.viatgeaddictes.com\/blog\/2011\/08\/portugal-tras-la-norma-del-pago-en-las-autovias-del-norte-cae-el-numero-de-visitantes-a-portugal\/"]}]},{"@type":"BreadcrumbList","@id":"https:\/\/www.viatgeaddictes.com\/blog\/2011\/08\/portugal-tras-la-norma-del-pago-en-las-autovias-del-norte-cae-el-numero-de-visitantes-a-portugal\/#breadcrumb","itemListElement":[{"@type":"ListItem","position":1,"name":"Inici","item":"https:\/\/www.viatgeaddictes.com\/blog\/"},{"@type":"ListItem","position":2,"name":"PORTUGAL &#8211; Tras la norma del pago en las autov\u00edas del norte cae el n\u00famero de visitantes a Portugal"}]},{"@type":"WebSite","@id":"https:\/\/www.viatgeaddictes.com\/blog\/#website","url":"https:\/\/www.viatgeaddictes.com\/blog\/","name":"Viatgeaddictes - Blog de noticias de viajes y turismo","description":"Viatgeaddictes.com, recursos para el viajero independiente","publisher":{"@id":"https:\/\/www.viatgeaddictes.com\/blog\/#\/schema\/person\/37801c6f1a42b1acccc2262e8b9fb40a"},"potentialAction":[{"@type":"SearchAction","target":{"@type":"EntryPoint","urlTemplate":"https:\/\/www.viatgeaddictes.com\/blog\/?s={search_term_string}"},"query-input":{"@type":"PropertyValueSpecification","valueRequired":true,"valueName":"search_term_string"}}],"inLanguage":"es"},{"@type":["Person","Organization"],"@id":"https:\/\/www.viatgeaddictes.com\/blog\/#\/schema\/person\/37801c6f1a42b1acccc2262e8b9fb40a","name":"Viatgeaddictes","image":{"@type":"ImageObject","inLanguage":"es","@id":"https:\/\/secure.gravatar.com\/avatar\/8e539e3957a5de243b927337e71f118ed9f49b85e9cc445b9cb8ac83700f32c6?s=96&d=identicon&r=g","url":"https:\/\/secure.gravatar.com\/avatar\/8e539e3957a5de243b927337e71f118ed9f49b85e9cc445b9cb8ac83700f32c6?s=96&d=identicon&r=g","contentUrl":"https:\/\/secure.gravatar.com\/avatar\/8e539e3957a5de243b927337e71f118ed9f49b85e9cc445b9cb8ac83700f32c6?s=96&d=identicon&r=g","caption":"Viatgeaddictes"},"logo":{"@id":"https:\/\/secure.gravatar.com\/avatar\/8e539e3957a5de243b927337e71f118ed9f49b85e9cc445b9cb8ac83700f32c6?s=96&d=identicon&r=g"},"sameAs":["https:\/\/www.viatgeaddictes.com","facebook.com\/viatgeaddictes","instagram.com\/viatgeaddictes","https:\/\/x.com\/viatgeaddictes","youtube.com\/viatgeaddictes"],"url":"https:\/\/www.viatgeaddictes.com\/blog\/author\/viatgeaddictes\/"}]}},"jetpack_featured_media_url":"","jetpack_sharing_enabled":true,"jetpack_likes_enabled":true,"_links":{"self":[{"href":"https:\/\/www.viatgeaddictes.com\/blog\/wp-json\/wp\/v2\/posts\/100105","targetHints":{"allow":["GET"]}}],"collection":[{"href":"https:\/\/www.viatgeaddictes.com\/blog\/wp-json\/wp\/v2\/posts"}],"about":[{"href":"https:\/\/www.viatgeaddictes.com\/blog\/wp-json\/wp\/v2\/types\/post"}],"author":[{"embeddable":true,"href":"https:\/\/www.viatgeaddictes.com\/blog\/wp-json\/wp\/v2\/users\/2"}],"replies":[{"embeddable":true,"href":"https:\/\/www.viatgeaddictes.com\/blog\/wp-json\/wp\/v2\/comments?post=100105"}],"version-history":[{"count":0,"href":"https:\/\/www.viatgeaddictes.com\/blog\/wp-json\/wp\/v2\/posts\/100105\/revisions"}],"wp:attachment":[{"href":"https:\/\/www.viatgeaddictes.com\/blog\/wp-json\/wp\/v2\/media?parent=100105"}],"wp:term":[{"taxonomy":"category","embeddable":true,"href":"https:\/\/www.viatgeaddictes.com\/blog\/wp-json\/wp\/v2\/categories?post=100105"},{"taxonomy":"post_tag","embeddable":true,"href":"https:\/\/www.viatgeaddictes.com\/blog\/wp-json\/wp\/v2\/tags?post=100105"}],"curies":[{"name":"wp","href":"https:\/\/api.w.org\/{rel}","templated":true}]}}