{"id":100101,"date":"2011-10-14T14:39:27","date_gmt":"2011-10-14T12:39:27","guid":{"rendered":"http:\/\/www.viatgeaddictes.com\/blog\/?p=101"},"modified":"2012-08-17T14:41:19","modified_gmt":"2012-08-17T12:41:19","slug":"union-europea-los-pasajeros-de-vuelos-cancelados-pueden-solicitar-una-compensacion-en-concepto-de-danos-morales","status":"publish","type":"post","link":"https:\/\/www.viatgeaddictes.com\/blog\/2011\/10\/union-europea-los-pasajeros-de-vuelos-cancelados-pueden-solicitar-una-compensacion-en-concepto-de-danos-morales\/","title":{"rendered":"UNI\u00d3N EUROPEA &#8211; Los pasajeros de vuelos cancelados pueden solicitar una compensaci\u00f3n en concepto de da\u00f1os morales"},"content":{"rendered":"<p>Los pasajeros de un vuelo cancelado tienen derecho a reclamar el reembolso de los gastos razonables en que hayan incurrido cuando una compa\u00f1\u00eda a\u00e9rea no les haya proporcionado atenci\u00f3n y tambi\u00e9n una compensaci\u00f3n en concepto de da\u00f1os morales. Lo recoge as\u00ed una sentencia dada ayer a conocer por el <strong>Tribunal de Justicia de la Uni\u00f3n Europea<\/strong> (TUE).<\/p>\n<p>La sentencia se refiere al caso de varios pasajeros que viajaban en un vuelo de\u00a0<em>Air France<\/em>\u00a0de Par\u00eds a Vigo el 25 de septiembre de 2008. El vuelo despeg\u00f3 seg\u00fan lo programado, pero regres\u00f3 poco despu\u00e9s al aeropuerto Charles de Gaulle debido a un problema t\u00e9cnico en la aeronave. El juzgado de lo mercantil n\u00ba 1 de Pontevedra, que lleva el caso, pregunt\u00f3 al TUE si la legislaci\u00f3n comunitaria permite a los pasajeros pedir una indemnizaci\u00f3n por da\u00f1os morales.<\/p>\n<p>El TUE estima en su sentencia que la\u00a0<em>compensaci\u00f3n suplementaria<\/em>\u00a0pretende completar la aplicaci\u00f3n de las medidas estandarizadas e inmediatas previstas por el reglamento sobre derechos de los pasajeros a\u00e9reos. Por tanto, permite que a los pasajeros se les compense por la totalidad del perjuicio material y moral que hayan sufrido a causa del incumplimiento, por parte del transportista a\u00e9reo, de sus obligaciones contractuales, en las condiciones y con los l\u00edmites previstos por el Convenio internacional de Montreal o por el derecho nacional.<\/p>\n","protected":false},"excerpt":{"rendered":"<p>Los pasajeros de un vuelo cancelado tienen derecho a reclamar el reembolso de los gastos razonables en que hayan incurrido cuando una compa\u00f1\u00eda a\u00e9rea no les haya proporcionado atenci\u00f3n y tambi\u00e9n una compensaci\u00f3n en concepto de da\u00f1os morales. Lo recoge &hellip; <a href=\"https:\/\/www.viatgeaddictes.com\/blog\/2011\/10\/union-europea-los-pasajeros-de-vuelos-cancelados-pueden-solicitar-una-compensacion-en-concepto-de-danos-morales\/\">Sigue leyendo <span class=\"meta-nav\">&rarr;<\/span><\/a><\/p>\n","protected":false},"author":2,"featured_media":0,"comment_status":"open","ping_status":"open","sticky":false,"template":"","format":"standard","meta":{"_jetpack_memberships_contains_paid_content":false,"footnotes":""},"categories":[19],"tags":[58],"class_list":["post-100101","post","type-post","status-publish","format-standard","hentry","category-vuelos","tag-union-europea"],"yoast_head":"<!-- This site is optimized with the Yoast SEO plugin v27.5 - https:\/\/yoast.com\/product\/yoast-seo-wordpress\/ -->\n<title>UNI\u00d3N EUROPEA - Los pasajeros de vuelos cancelados pueden solicitar una compensaci\u00f3n en concepto de da\u00f1os morales<\/title>\n<meta name=\"description\" content=\"Los pasajeros de un vuelo cancelado tienen derecho a reclamar el reembolso de los gastos razonables en que hayan incurrido cuando una compa\u00f1\u00eda a\u00e9rea no\" \/>\n<meta name=\"robots\" content=\"index, follow, max-snippet:-1, max-image-preview:large, max-video-preview:-1\" \/>\n<link rel=\"canonical\" href=\"https:\/\/www.viatgeaddictes.com\/blog\/2011\/10\/union-europea-los-pasajeros-de-vuelos-cancelados-pueden-solicitar-una-compensacion-en-concepto-de-danos-morales\/\" \/>\n<meta property=\"og:locale\" content=\"es_ES\" \/>\n<meta property=\"og:type\" content=\"article\" \/>\n<meta property=\"og:title\" content=\"UNI\u00d3N EUROPEA - Los pasajeros de vuelos cancelados pueden solicitar una compensaci\u00f3n en concepto de da\u00f1os morales\" \/>\n<meta property=\"og:description\" content=\"Los pasajeros de un vuelo cancelado tienen derecho a reclamar el reembolso de los gastos razonables en que hayan incurrido cuando una compa\u00f1\u00eda a\u00e9rea no\" \/>\n<meta property=\"og:url\" content=\"https:\/\/www.viatgeaddictes.com\/blog\/2011\/10\/union-europea-los-pasajeros-de-vuelos-cancelados-pueden-solicitar-una-compensacion-en-concepto-de-danos-morales\/\" \/>\n<meta property=\"og:site_name\" content=\"Blog de noticias de viajes y turismo\" \/>\n<meta property=\"article:publisher\" content=\"facebook.com\/viatgeaddictes\" \/>\n<meta property=\"article:author\" content=\"facebook.com\/viatgeaddictes\" \/>\n<meta property=\"article:published_time\" content=\"2011-10-14T12:39:27+00:00\" \/>\n<meta property=\"article:modified_time\" content=\"2012-08-17T12:41:19+00:00\" \/>\n<meta name=\"author\" content=\"Viatgeaddictes\" \/>\n<meta name=\"twitter:card\" content=\"summary_large_image\" \/>\n<meta name=\"twitter:creator\" content=\"@viatgeaddictes\" \/>\n<meta name=\"twitter:site\" content=\"@viatgeaddictes\" \/>\n<meta name=\"twitter:label1\" content=\"Escrito por\" \/>\n\t<meta name=\"twitter:data1\" content=\"Viatgeaddictes\" \/>\n\t<meta name=\"twitter:label2\" content=\"Tiempo de lectura\" \/>\n\t<meta name=\"twitter:data2\" content=\"1 minuto\" \/>\n<script type=\"application\/ld+json\" class=\"yoast-schema-graph\">{\"@context\":\"https:\\\/\\\/schema.org\",\"@graph\":[{\"@type\":\"Article\",\"@id\":\"https:\\\/\\\/www.viatgeaddictes.com\\\/blog\\\/2011\\\/10\\\/union-europea-los-pasajeros-de-vuelos-cancelados-pueden-solicitar-una-compensacion-en-concepto-de-danos-morales\\\/#article\",\"isPartOf\":{\"@id\":\"https:\\\/\\\/www.viatgeaddictes.com\\\/blog\\\/2011\\\/10\\\/union-europea-los-pasajeros-de-vuelos-cancelados-pueden-solicitar-una-compensacion-en-concepto-de-danos-morales\\\/\"},\"author\":{\"name\":\"Viatgeaddictes\",\"@id\":\"https:\\\/\\\/www.viatgeaddictes.com\\\/blog\\\/#\\\/schema\\\/person\\\/37801c6f1a42b1acccc2262e8b9fb40a\"},\"headline\":\"UNI\u00d3N EUROPEA &#8211; Los pasajeros de vuelos cancelados pueden solicitar una compensaci\u00f3n en concepto de da\u00f1os morales\",\"datePublished\":\"2011-10-14T12:39:27+00:00\",\"dateModified\":\"2012-08-17T12:41:19+00:00\",\"mainEntityOfPage\":{\"@id\":\"https:\\\/\\\/www.viatgeaddictes.com\\\/blog\\\/2011\\\/10\\\/union-europea-los-pasajeros-de-vuelos-cancelados-pueden-solicitar-una-compensacion-en-concepto-de-danos-morales\\\/\"},\"wordCount\":256,\"commentCount\":0,\"publisher\":{\"@id\":\"https:\\\/\\\/www.viatgeaddictes.com\\\/blog\\\/#\\\/schema\\\/person\\\/37801c6f1a42b1acccc2262e8b9fb40a\"},\"keywords\":[\"Uni\u00f3n Europea\"],\"articleSection\":[\"Vuelos\"],\"inLanguage\":\"es\",\"potentialAction\":[{\"@type\":\"CommentAction\",\"name\":\"Comment\",\"target\":[\"https:\\\/\\\/www.viatgeaddictes.com\\\/blog\\\/2011\\\/10\\\/union-europea-los-pasajeros-de-vuelos-cancelados-pueden-solicitar-una-compensacion-en-concepto-de-danos-morales\\\/#respond\"]}]},{\"@type\":\"WebPage\",\"@id\":\"https:\\\/\\\/www.viatgeaddictes.com\\\/blog\\\/2011\\\/10\\\/union-europea-los-pasajeros-de-vuelos-cancelados-pueden-solicitar-una-compensacion-en-concepto-de-danos-morales\\\/\",\"url\":\"https:\\\/\\\/www.viatgeaddictes.com\\\/blog\\\/2011\\\/10\\\/union-europea-los-pasajeros-de-vuelos-cancelados-pueden-solicitar-una-compensacion-en-concepto-de-danos-morales\\\/\",\"name\":\"UNI\u00d3N EUROPEA - Los pasajeros de vuelos cancelados pueden solicitar una compensaci\u00f3n en concepto de da\u00f1os morales\",\"isPartOf\":{\"@id\":\"https:\\\/\\\/www.viatgeaddictes.com\\\/blog\\\/#website\"},\"datePublished\":\"2011-10-14T12:39:27+00:00\",\"dateModified\":\"2012-08-17T12:41:19+00:00\",\"description\":\"Los pasajeros de un vuelo cancelado tienen derecho a reclamar el reembolso de los gastos razonables en que hayan incurrido cuando una compa\u00f1\u00eda a\u00e9rea no\",\"breadcrumb\":{\"@id\":\"https:\\\/\\\/www.viatgeaddictes.com\\\/blog\\\/2011\\\/10\\\/union-europea-los-pasajeros-de-vuelos-cancelados-pueden-solicitar-una-compensacion-en-concepto-de-danos-morales\\\/#breadcrumb\"},\"inLanguage\":\"es\",\"potentialAction\":[{\"@type\":\"ReadAction\",\"target\":[\"https:\\\/\\\/www.viatgeaddictes.com\\\/blog\\\/2011\\\/10\\\/union-europea-los-pasajeros-de-vuelos-cancelados-pueden-solicitar-una-compensacion-en-concepto-de-danos-morales\\\/\"]}]},{\"@type\":\"BreadcrumbList\",\"@id\":\"https:\\\/\\\/www.viatgeaddictes.com\\\/blog\\\/2011\\\/10\\\/union-europea-los-pasajeros-de-vuelos-cancelados-pueden-solicitar-una-compensacion-en-concepto-de-danos-morales\\\/#breadcrumb\",\"itemListElement\":[{\"@type\":\"ListItem\",\"position\":1,\"name\":\"Inici\",\"item\":\"https:\\\/\\\/www.viatgeaddictes.com\\\/blog\\\/\"},{\"@type\":\"ListItem\",\"position\":2,\"name\":\"UNI\u00d3N EUROPEA &#8211; Los pasajeros de vuelos cancelados pueden solicitar una compensaci\u00f3n en concepto de da\u00f1os morales\"}]},{\"@type\":\"WebSite\",\"@id\":\"https:\\\/\\\/www.viatgeaddictes.com\\\/blog\\\/#website\",\"url\":\"https:\\\/\\\/www.viatgeaddictes.com\\\/blog\\\/\",\"name\":\"Viatgeaddictes - Blog de noticias de viajes y turismo\",\"description\":\"Viatgeaddictes.com, recursos para el viajero independiente\",\"publisher\":{\"@id\":\"https:\\\/\\\/www.viatgeaddictes.com\\\/blog\\\/#\\\/schema\\\/person\\\/37801c6f1a42b1acccc2262e8b9fb40a\"},\"potentialAction\":[{\"@type\":\"SearchAction\",\"target\":{\"@type\":\"EntryPoint\",\"urlTemplate\":\"https:\\\/\\\/www.viatgeaddictes.com\\\/blog\\\/?s={search_term_string}\"},\"query-input\":{\"@type\":\"PropertyValueSpecification\",\"valueRequired\":true,\"valueName\":\"search_term_string\"}}],\"inLanguage\":\"es\"},{\"@type\":[\"Person\",\"Organization\"],\"@id\":\"https:\\\/\\\/www.viatgeaddictes.com\\\/blog\\\/#\\\/schema\\\/person\\\/37801c6f1a42b1acccc2262e8b9fb40a\",\"name\":\"Viatgeaddictes\",\"image\":{\"@type\":\"ImageObject\",\"inLanguage\":\"es\",\"@id\":\"https:\\\/\\\/secure.gravatar.com\\\/avatar\\\/8e539e3957a5de243b927337e71f118ed9f49b85e9cc445b9cb8ac83700f32c6?s=96&d=identicon&r=g\",\"url\":\"https:\\\/\\\/secure.gravatar.com\\\/avatar\\\/8e539e3957a5de243b927337e71f118ed9f49b85e9cc445b9cb8ac83700f32c6?s=96&d=identicon&r=g\",\"contentUrl\":\"https:\\\/\\\/secure.gravatar.com\\\/avatar\\\/8e539e3957a5de243b927337e71f118ed9f49b85e9cc445b9cb8ac83700f32c6?s=96&d=identicon&r=g\",\"caption\":\"Viatgeaddictes\"},\"logo\":{\"@id\":\"https:\\\/\\\/secure.gravatar.com\\\/avatar\\\/8e539e3957a5de243b927337e71f118ed9f49b85e9cc445b9cb8ac83700f32c6?s=96&d=identicon&r=g\"},\"sameAs\":[\"https:\\\/\\\/www.viatgeaddictes.com\",\"facebook.com\\\/viatgeaddictes\",\"instagram.com\\\/viatgeaddictes\",\"https:\\\/\\\/x.com\\\/viatgeaddictes\",\"youtube.com\\\/viatgeaddictes\"],\"url\":\"https:\\\/\\\/www.viatgeaddictes.com\\\/blog\\\/author\\\/viatgeaddictes\\\/\"}]}<\/script>\n<!-- \/ Yoast SEO plugin. -->","yoast_head_json":{"title":"UNI\u00d3N EUROPEA - Los pasajeros de vuelos cancelados pueden solicitar una compensaci\u00f3n en concepto de da\u00f1os morales","description":"Los pasajeros de un vuelo cancelado tienen derecho a reclamar el reembolso de los gastos razonables en que hayan incurrido cuando una compa\u00f1\u00eda a\u00e9rea no","robots":{"index":"index","follow":"follow","max-snippet":"max-snippet:-1","max-image-preview":"max-image-preview:large","max-video-preview":"max-video-preview:-1"},"canonical":"https:\/\/www.viatgeaddictes.com\/blog\/2011\/10\/union-europea-los-pasajeros-de-vuelos-cancelados-pueden-solicitar-una-compensacion-en-concepto-de-danos-morales\/","og_locale":"es_ES","og_type":"article","og_title":"UNI\u00d3N EUROPEA - Los pasajeros de vuelos cancelados pueden solicitar una compensaci\u00f3n en concepto de da\u00f1os morales","og_description":"Los pasajeros de un vuelo cancelado tienen derecho a reclamar el reembolso de los gastos razonables en que hayan incurrido cuando una compa\u00f1\u00eda a\u00e9rea no","og_url":"https:\/\/www.viatgeaddictes.com\/blog\/2011\/10\/union-europea-los-pasajeros-de-vuelos-cancelados-pueden-solicitar-una-compensacion-en-concepto-de-danos-morales\/","og_site_name":"Blog de noticias de viajes y turismo","article_publisher":"facebook.com\/viatgeaddictes","article_author":"facebook.com\/viatgeaddictes","article_published_time":"2011-10-14T12:39:27+00:00","article_modified_time":"2012-08-17T12:41:19+00:00","author":"Viatgeaddictes","twitter_card":"summary_large_image","twitter_creator":"@viatgeaddictes","twitter_site":"@viatgeaddictes","twitter_misc":{"Escrito por":"Viatgeaddictes","Tiempo de lectura":"1 minuto"},"schema":{"@context":"https:\/\/schema.org","@graph":[{"@type":"Article","@id":"https:\/\/www.viatgeaddictes.com\/blog\/2011\/10\/union-europea-los-pasajeros-de-vuelos-cancelados-pueden-solicitar-una-compensacion-en-concepto-de-danos-morales\/#article","isPartOf":{"@id":"https:\/\/www.viatgeaddictes.com\/blog\/2011\/10\/union-europea-los-pasajeros-de-vuelos-cancelados-pueden-solicitar-una-compensacion-en-concepto-de-danos-morales\/"},"author":{"name":"Viatgeaddictes","@id":"https:\/\/www.viatgeaddictes.com\/blog\/#\/schema\/person\/37801c6f1a42b1acccc2262e8b9fb40a"},"headline":"UNI\u00d3N EUROPEA &#8211; Los pasajeros de vuelos cancelados pueden solicitar una compensaci\u00f3n en concepto de da\u00f1os morales","datePublished":"2011-10-14T12:39:27+00:00","dateModified":"2012-08-17T12:41:19+00:00","mainEntityOfPage":{"@id":"https:\/\/www.viatgeaddictes.com\/blog\/2011\/10\/union-europea-los-pasajeros-de-vuelos-cancelados-pueden-solicitar-una-compensacion-en-concepto-de-danos-morales\/"},"wordCount":256,"commentCount":0,"publisher":{"@id":"https:\/\/www.viatgeaddictes.com\/blog\/#\/schema\/person\/37801c6f1a42b1acccc2262e8b9fb40a"},"keywords":["Uni\u00f3n Europea"],"articleSection":["Vuelos"],"inLanguage":"es","potentialAction":[{"@type":"CommentAction","name":"Comment","target":["https:\/\/www.viatgeaddictes.com\/blog\/2011\/10\/union-europea-los-pasajeros-de-vuelos-cancelados-pueden-solicitar-una-compensacion-en-concepto-de-danos-morales\/#respond"]}]},{"@type":"WebPage","@id":"https:\/\/www.viatgeaddictes.com\/blog\/2011\/10\/union-europea-los-pasajeros-de-vuelos-cancelados-pueden-solicitar-una-compensacion-en-concepto-de-danos-morales\/","url":"https:\/\/www.viatgeaddictes.com\/blog\/2011\/10\/union-europea-los-pasajeros-de-vuelos-cancelados-pueden-solicitar-una-compensacion-en-concepto-de-danos-morales\/","name":"UNI\u00d3N EUROPEA - Los pasajeros de vuelos cancelados pueden solicitar una compensaci\u00f3n en concepto de da\u00f1os morales","isPartOf":{"@id":"https:\/\/www.viatgeaddictes.com\/blog\/#website"},"datePublished":"2011-10-14T12:39:27+00:00","dateModified":"2012-08-17T12:41:19+00:00","description":"Los pasajeros de un vuelo cancelado tienen derecho a reclamar el reembolso de los gastos razonables en que hayan incurrido cuando una compa\u00f1\u00eda a\u00e9rea no","breadcrumb":{"@id":"https:\/\/www.viatgeaddictes.com\/blog\/2011\/10\/union-europea-los-pasajeros-de-vuelos-cancelados-pueden-solicitar-una-compensacion-en-concepto-de-danos-morales\/#breadcrumb"},"inLanguage":"es","potentialAction":[{"@type":"ReadAction","target":["https:\/\/www.viatgeaddictes.com\/blog\/2011\/10\/union-europea-los-pasajeros-de-vuelos-cancelados-pueden-solicitar-una-compensacion-en-concepto-de-danos-morales\/"]}]},{"@type":"BreadcrumbList","@id":"https:\/\/www.viatgeaddictes.com\/blog\/2011\/10\/union-europea-los-pasajeros-de-vuelos-cancelados-pueden-solicitar-una-compensacion-en-concepto-de-danos-morales\/#breadcrumb","itemListElement":[{"@type":"ListItem","position":1,"name":"Inici","item":"https:\/\/www.viatgeaddictes.com\/blog\/"},{"@type":"ListItem","position":2,"name":"UNI\u00d3N EUROPEA &#8211; Los pasajeros de vuelos cancelados pueden solicitar una compensaci\u00f3n en concepto de da\u00f1os morales"}]},{"@type":"WebSite","@id":"https:\/\/www.viatgeaddictes.com\/blog\/#website","url":"https:\/\/www.viatgeaddictes.com\/blog\/","name":"Viatgeaddictes - Blog de noticias de viajes y turismo","description":"Viatgeaddictes.com, recursos para el viajero independiente","publisher":{"@id":"https:\/\/www.viatgeaddictes.com\/blog\/#\/schema\/person\/37801c6f1a42b1acccc2262e8b9fb40a"},"potentialAction":[{"@type":"SearchAction","target":{"@type":"EntryPoint","urlTemplate":"https:\/\/www.viatgeaddictes.com\/blog\/?s={search_term_string}"},"query-input":{"@type":"PropertyValueSpecification","valueRequired":true,"valueName":"search_term_string"}}],"inLanguage":"es"},{"@type":["Person","Organization"],"@id":"https:\/\/www.viatgeaddictes.com\/blog\/#\/schema\/person\/37801c6f1a42b1acccc2262e8b9fb40a","name":"Viatgeaddictes","image":{"@type":"ImageObject","inLanguage":"es","@id":"https:\/\/secure.gravatar.com\/avatar\/8e539e3957a5de243b927337e71f118ed9f49b85e9cc445b9cb8ac83700f32c6?s=96&d=identicon&r=g","url":"https:\/\/secure.gravatar.com\/avatar\/8e539e3957a5de243b927337e71f118ed9f49b85e9cc445b9cb8ac83700f32c6?s=96&d=identicon&r=g","contentUrl":"https:\/\/secure.gravatar.com\/avatar\/8e539e3957a5de243b927337e71f118ed9f49b85e9cc445b9cb8ac83700f32c6?s=96&d=identicon&r=g","caption":"Viatgeaddictes"},"logo":{"@id":"https:\/\/secure.gravatar.com\/avatar\/8e539e3957a5de243b927337e71f118ed9f49b85e9cc445b9cb8ac83700f32c6?s=96&d=identicon&r=g"},"sameAs":["https:\/\/www.viatgeaddictes.com","facebook.com\/viatgeaddictes","instagram.com\/viatgeaddictes","https:\/\/x.com\/viatgeaddictes","youtube.com\/viatgeaddictes"],"url":"https:\/\/www.viatgeaddictes.com\/blog\/author\/viatgeaddictes\/"}]}},"jetpack_featured_media_url":"","jetpack_sharing_enabled":true,"jetpack_likes_enabled":true,"_links":{"self":[{"href":"https:\/\/www.viatgeaddictes.com\/blog\/wp-json\/wp\/v2\/posts\/100101","targetHints":{"allow":["GET"]}}],"collection":[{"href":"https:\/\/www.viatgeaddictes.com\/blog\/wp-json\/wp\/v2\/posts"}],"about":[{"href":"https:\/\/www.viatgeaddictes.com\/blog\/wp-json\/wp\/v2\/types\/post"}],"author":[{"embeddable":true,"href":"https:\/\/www.viatgeaddictes.com\/blog\/wp-json\/wp\/v2\/users\/2"}],"replies":[{"embeddable":true,"href":"https:\/\/www.viatgeaddictes.com\/blog\/wp-json\/wp\/v2\/comments?post=100101"}],"version-history":[{"count":0,"href":"https:\/\/www.viatgeaddictes.com\/blog\/wp-json\/wp\/v2\/posts\/100101\/revisions"}],"wp:attachment":[{"href":"https:\/\/www.viatgeaddictes.com\/blog\/wp-json\/wp\/v2\/media?parent=100101"}],"wp:term":[{"taxonomy":"category","embeddable":true,"href":"https:\/\/www.viatgeaddictes.com\/blog\/wp-json\/wp\/v2\/categories?post=100101"},{"taxonomy":"post_tag","embeddable":true,"href":"https:\/\/www.viatgeaddictes.com\/blog\/wp-json\/wp\/v2\/tags?post=100101"}],"curies":[{"name":"wp","href":"https:\/\/api.w.org\/{rel}","templated":true}]}}