{"id":100062,"date":"2012-05-08T13:38:01","date_gmt":"2012-05-08T11:38:01","guid":{"rendered":"http:\/\/www.viatgeaddictes.com\/blog\/?p=62"},"modified":"2012-08-17T13:39:38","modified_gmt":"2012-08-17T11:39:38","slug":"mali-en-peligro-el-patrimonio-cultural-de-mali-segun-la-unesco","status":"publish","type":"post","link":"https:\/\/www.viatgeaddictes.com\/blog\/2012\/05\/mali-en-peligro-el-patrimonio-cultural-de-mali-segun-la-unesco\/","title":{"rendered":"MAL\u00cd &#8211; En peligro el patrimonio cultural de Mal\u00ed, seg\u00fan la UNESCO"},"content":{"rendered":"<p>La\u00a0<strong>UNESCO\u00a0<\/strong>(Organizaci\u00f3n de Naciones Unidas para la Educaci\u00f3n, la Ciencia y la Cultura), ha expresado recientemente su preocupaci\u00f3n por el riesgo que corren los sitios que forman parte del patrimonio mundial en <strong>Timbuct\u00fa<\/strong> y <strong>Gao<\/strong>, al norte de Mal\u00ed, debido a los combates que se desarrollan en la zona. Tambi\u00e9n ha recordado la obligaci\u00f3n, internacionalmente reconocida, que los pa\u00edses tienen de salvaguardar su patrimonio en tiempos de guerra. El conflicto que ahora vive el pa\u00eds hace peligrar este patrimonio cultural.<\/p>\n<p>La ocupaci\u00f3n de estas ciudades a manos de rebeldes tuareg podr\u00eda haber ocasionado efectos da\u00f1inos sobre la gesti\u00f3n y conservaci\u00f3n de las mezquitas Djingareyber, Sankor\u00e9 y Sidi Yahia y 16 cementerios y mausoleos de Timbuct\u00fa, as\u00ed como de la Tumba de Askia en Gao.<\/p>\n<p>Estos bienes son el reflejo de la edad dorada que supuso la capitalidad cultural y espiritual en la zona a lo largo del s. XV. Las tres mezquitas, en concreto, jugaron un papel vital en la extensi\u00f3n del Islam por tierras africanas.<\/p>\n<p>Otros sitios en Mal\u00ed inscritos en la Lista del Patrimonio Mundial son las ciudades antiguas de Djenn\u00e9 y los Farallones de Bandiagara (en el Pa\u00eds Dog\u00f3n).<\/p>\n","protected":false},"excerpt":{"rendered":"<p>La\u00a0UNESCO\u00a0(Organizaci\u00f3n de Naciones Unidas para la Educaci\u00f3n, la Ciencia y la Cultura), ha expresado recientemente su preocupaci\u00f3n por el riesgo que corren los sitios que forman parte del patrimonio mundial en Timbuct\u00fa y Gao, al norte de Mal\u00ed, debido a &hellip; <a href=\"https:\/\/www.viatgeaddictes.com\/blog\/2012\/05\/mali-en-peligro-el-patrimonio-cultural-de-mali-segun-la-unesco\/\">Sigue leyendo <span class=\"meta-nav\">&rarr;<\/span><\/a><\/p>\n","protected":false},"author":2,"featured_media":0,"comment_status":"open","ping_status":"open","sticky":false,"template":"","format":"standard","meta":{"_jetpack_memberships_contains_paid_content":false,"footnotes":""},"categories":[30],"tags":[35,36],"class_list":["post-100062","post","type-post","status-publish","format-standard","hentry","category-patrimonios-humanidad","tag-africa","tag-mali"],"yoast_head":"<!-- This site is optimized with the Yoast SEO plugin v27.5 - https:\/\/yoast.com\/product\/yoast-seo-wordpress\/ -->\n<title>MAL\u00cd - En peligro el patrimonio cultural de Mal\u00ed, seg\u00fan la UNESCO<\/title>\n<meta name=\"description\" content=\"La\u00a0UNESCO\u00a0(Organizaci\u00f3n de Naciones Unidas para la Educaci\u00f3n, la Ciencia y la Cultura), ha expresado recientemente su preocupaci\u00f3n por el riesgo que\" \/>\n<meta name=\"robots\" content=\"index, follow, max-snippet:-1, max-image-preview:large, max-video-preview:-1\" \/>\n<link rel=\"canonical\" href=\"https:\/\/www.viatgeaddictes.com\/blog\/2012\/05\/mali-en-peligro-el-patrimonio-cultural-de-mali-segun-la-unesco\/\" \/>\n<meta property=\"og:locale\" content=\"es_ES\" \/>\n<meta property=\"og:type\" content=\"article\" \/>\n<meta property=\"og:title\" content=\"MAL\u00cd - En peligro el patrimonio cultural de Mal\u00ed, seg\u00fan la UNESCO\" \/>\n<meta property=\"og:description\" content=\"La\u00a0UNESCO\u00a0(Organizaci\u00f3n de Naciones Unidas para la Educaci\u00f3n, la Ciencia y la Cultura), ha expresado recientemente su preocupaci\u00f3n por el riesgo que\" \/>\n<meta property=\"og:url\" content=\"https:\/\/www.viatgeaddictes.com\/blog\/2012\/05\/mali-en-peligro-el-patrimonio-cultural-de-mali-segun-la-unesco\/\" \/>\n<meta property=\"og:site_name\" content=\"Blog de noticias de viajes y turismo\" \/>\n<meta property=\"article:publisher\" content=\"facebook.com\/viatgeaddictes\" \/>\n<meta property=\"article:author\" content=\"facebook.com\/viatgeaddictes\" \/>\n<meta property=\"article:published_time\" content=\"2012-05-08T11:38:01+00:00\" \/>\n<meta property=\"article:modified_time\" content=\"2012-08-17T11:39:38+00:00\" \/>\n<meta name=\"author\" content=\"Viatgeaddictes\" \/>\n<meta name=\"twitter:card\" content=\"summary_large_image\" \/>\n<meta name=\"twitter:creator\" content=\"@viatgeaddictes\" \/>\n<meta name=\"twitter:site\" content=\"@viatgeaddictes\" \/>\n<meta name=\"twitter:label1\" content=\"Escrito por\" \/>\n\t<meta name=\"twitter:data1\" content=\"Viatgeaddictes\" \/>\n\t<meta name=\"twitter:label2\" content=\"Tiempo de lectura\" \/>\n\t<meta name=\"twitter:data2\" content=\"1 minuto\" \/>\n<script type=\"application\/ld+json\" class=\"yoast-schema-graph\">{\"@context\":\"https:\\\/\\\/schema.org\",\"@graph\":[{\"@type\":\"Article\",\"@id\":\"https:\\\/\\\/www.viatgeaddictes.com\\\/blog\\\/2012\\\/05\\\/mali-en-peligro-el-patrimonio-cultural-de-mali-segun-la-unesco\\\/#article\",\"isPartOf\":{\"@id\":\"https:\\\/\\\/www.viatgeaddictes.com\\\/blog\\\/2012\\\/05\\\/mali-en-peligro-el-patrimonio-cultural-de-mali-segun-la-unesco\\\/\"},\"author\":{\"name\":\"Viatgeaddictes\",\"@id\":\"https:\\\/\\\/www.viatgeaddictes.com\\\/blog\\\/#\\\/schema\\\/person\\\/37801c6f1a42b1acccc2262e8b9fb40a\"},\"headline\":\"MAL\u00cd &#8211; En peligro el patrimonio cultural de Mal\u00ed, seg\u00fan la UNESCO\",\"datePublished\":\"2012-05-08T11:38:01+00:00\",\"dateModified\":\"2012-08-17T11:39:38+00:00\",\"mainEntityOfPage\":{\"@id\":\"https:\\\/\\\/www.viatgeaddictes.com\\\/blog\\\/2012\\\/05\\\/mali-en-peligro-el-patrimonio-cultural-de-mali-segun-la-unesco\\\/\"},\"wordCount\":220,\"commentCount\":0,\"publisher\":{\"@id\":\"https:\\\/\\\/www.viatgeaddictes.com\\\/blog\\\/#\\\/schema\\\/person\\\/37801c6f1a42b1acccc2262e8b9fb40a\"},\"keywords\":[\"\u00c1frica\",\"Mal\u00ed\"],\"articleSection\":[\"Patrimonios Humanidad\"],\"inLanguage\":\"es\",\"potentialAction\":[{\"@type\":\"CommentAction\",\"name\":\"Comment\",\"target\":[\"https:\\\/\\\/www.viatgeaddictes.com\\\/blog\\\/2012\\\/05\\\/mali-en-peligro-el-patrimonio-cultural-de-mali-segun-la-unesco\\\/#respond\"]}]},{\"@type\":\"WebPage\",\"@id\":\"https:\\\/\\\/www.viatgeaddictes.com\\\/blog\\\/2012\\\/05\\\/mali-en-peligro-el-patrimonio-cultural-de-mali-segun-la-unesco\\\/\",\"url\":\"https:\\\/\\\/www.viatgeaddictes.com\\\/blog\\\/2012\\\/05\\\/mali-en-peligro-el-patrimonio-cultural-de-mali-segun-la-unesco\\\/\",\"name\":\"MAL\u00cd - En peligro el patrimonio cultural de Mal\u00ed, seg\u00fan la UNESCO\",\"isPartOf\":{\"@id\":\"https:\\\/\\\/www.viatgeaddictes.com\\\/blog\\\/#website\"},\"datePublished\":\"2012-05-08T11:38:01+00:00\",\"dateModified\":\"2012-08-17T11:39:38+00:00\",\"description\":\"La\u00a0UNESCO\u00a0(Organizaci\u00f3n de Naciones Unidas para la Educaci\u00f3n, la Ciencia y la Cultura), ha expresado recientemente su preocupaci\u00f3n por el riesgo que\",\"breadcrumb\":{\"@id\":\"https:\\\/\\\/www.viatgeaddictes.com\\\/blog\\\/2012\\\/05\\\/mali-en-peligro-el-patrimonio-cultural-de-mali-segun-la-unesco\\\/#breadcrumb\"},\"inLanguage\":\"es\",\"potentialAction\":[{\"@type\":\"ReadAction\",\"target\":[\"https:\\\/\\\/www.viatgeaddictes.com\\\/blog\\\/2012\\\/05\\\/mali-en-peligro-el-patrimonio-cultural-de-mali-segun-la-unesco\\\/\"]}]},{\"@type\":\"BreadcrumbList\",\"@id\":\"https:\\\/\\\/www.viatgeaddictes.com\\\/blog\\\/2012\\\/05\\\/mali-en-peligro-el-patrimonio-cultural-de-mali-segun-la-unesco\\\/#breadcrumb\",\"itemListElement\":[{\"@type\":\"ListItem\",\"position\":1,\"name\":\"Inici\",\"item\":\"https:\\\/\\\/www.viatgeaddictes.com\\\/blog\\\/\"},{\"@type\":\"ListItem\",\"position\":2,\"name\":\"MAL\u00cd &#8211; En peligro el patrimonio cultural de Mal\u00ed, seg\u00fan la UNESCO\"}]},{\"@type\":\"WebSite\",\"@id\":\"https:\\\/\\\/www.viatgeaddictes.com\\\/blog\\\/#website\",\"url\":\"https:\\\/\\\/www.viatgeaddictes.com\\\/blog\\\/\",\"name\":\"Viatgeaddictes - Blog de noticias de viajes y turismo\",\"description\":\"Viatgeaddictes.com, recursos para el viajero independiente\",\"publisher\":{\"@id\":\"https:\\\/\\\/www.viatgeaddictes.com\\\/blog\\\/#\\\/schema\\\/person\\\/37801c6f1a42b1acccc2262e8b9fb40a\"},\"potentialAction\":[{\"@type\":\"SearchAction\",\"target\":{\"@type\":\"EntryPoint\",\"urlTemplate\":\"https:\\\/\\\/www.viatgeaddictes.com\\\/blog\\\/?s={search_term_string}\"},\"query-input\":{\"@type\":\"PropertyValueSpecification\",\"valueRequired\":true,\"valueName\":\"search_term_string\"}}],\"inLanguage\":\"es\"},{\"@type\":[\"Person\",\"Organization\"],\"@id\":\"https:\\\/\\\/www.viatgeaddictes.com\\\/blog\\\/#\\\/schema\\\/person\\\/37801c6f1a42b1acccc2262e8b9fb40a\",\"name\":\"Viatgeaddictes\",\"image\":{\"@type\":\"ImageObject\",\"inLanguage\":\"es\",\"@id\":\"https:\\\/\\\/secure.gravatar.com\\\/avatar\\\/8e539e3957a5de243b927337e71f118ed9f49b85e9cc445b9cb8ac83700f32c6?s=96&d=identicon&r=g\",\"url\":\"https:\\\/\\\/secure.gravatar.com\\\/avatar\\\/8e539e3957a5de243b927337e71f118ed9f49b85e9cc445b9cb8ac83700f32c6?s=96&d=identicon&r=g\",\"contentUrl\":\"https:\\\/\\\/secure.gravatar.com\\\/avatar\\\/8e539e3957a5de243b927337e71f118ed9f49b85e9cc445b9cb8ac83700f32c6?s=96&d=identicon&r=g\",\"caption\":\"Viatgeaddictes\"},\"logo\":{\"@id\":\"https:\\\/\\\/secure.gravatar.com\\\/avatar\\\/8e539e3957a5de243b927337e71f118ed9f49b85e9cc445b9cb8ac83700f32c6?s=96&d=identicon&r=g\"},\"sameAs\":[\"https:\\\/\\\/www.viatgeaddictes.com\",\"facebook.com\\\/viatgeaddictes\",\"instagram.com\\\/viatgeaddictes\",\"https:\\\/\\\/x.com\\\/viatgeaddictes\",\"youtube.com\\\/viatgeaddictes\"],\"url\":\"https:\\\/\\\/www.viatgeaddictes.com\\\/blog\\\/author\\\/viatgeaddictes\\\/\"}]}<\/script>\n<!-- \/ Yoast SEO plugin. -->","yoast_head_json":{"title":"MAL\u00cd - En peligro el patrimonio cultural de Mal\u00ed, seg\u00fan la UNESCO","description":"La\u00a0UNESCO\u00a0(Organizaci\u00f3n de Naciones Unidas para la Educaci\u00f3n, la Ciencia y la Cultura), ha expresado recientemente su preocupaci\u00f3n por el riesgo que","robots":{"index":"index","follow":"follow","max-snippet":"max-snippet:-1","max-image-preview":"max-image-preview:large","max-video-preview":"max-video-preview:-1"},"canonical":"https:\/\/www.viatgeaddictes.com\/blog\/2012\/05\/mali-en-peligro-el-patrimonio-cultural-de-mali-segun-la-unesco\/","og_locale":"es_ES","og_type":"article","og_title":"MAL\u00cd - En peligro el patrimonio cultural de Mal\u00ed, seg\u00fan la UNESCO","og_description":"La\u00a0UNESCO\u00a0(Organizaci\u00f3n de Naciones Unidas para la Educaci\u00f3n, la Ciencia y la Cultura), ha expresado recientemente su preocupaci\u00f3n por el riesgo que","og_url":"https:\/\/www.viatgeaddictes.com\/blog\/2012\/05\/mali-en-peligro-el-patrimonio-cultural-de-mali-segun-la-unesco\/","og_site_name":"Blog de noticias de viajes y turismo","article_publisher":"facebook.com\/viatgeaddictes","article_author":"facebook.com\/viatgeaddictes","article_published_time":"2012-05-08T11:38:01+00:00","article_modified_time":"2012-08-17T11:39:38+00:00","author":"Viatgeaddictes","twitter_card":"summary_large_image","twitter_creator":"@viatgeaddictes","twitter_site":"@viatgeaddictes","twitter_misc":{"Escrito por":"Viatgeaddictes","Tiempo de lectura":"1 minuto"},"schema":{"@context":"https:\/\/schema.org","@graph":[{"@type":"Article","@id":"https:\/\/www.viatgeaddictes.com\/blog\/2012\/05\/mali-en-peligro-el-patrimonio-cultural-de-mali-segun-la-unesco\/#article","isPartOf":{"@id":"https:\/\/www.viatgeaddictes.com\/blog\/2012\/05\/mali-en-peligro-el-patrimonio-cultural-de-mali-segun-la-unesco\/"},"author":{"name":"Viatgeaddictes","@id":"https:\/\/www.viatgeaddictes.com\/blog\/#\/schema\/person\/37801c6f1a42b1acccc2262e8b9fb40a"},"headline":"MAL\u00cd &#8211; En peligro el patrimonio cultural de Mal\u00ed, seg\u00fan la UNESCO","datePublished":"2012-05-08T11:38:01+00:00","dateModified":"2012-08-17T11:39:38+00:00","mainEntityOfPage":{"@id":"https:\/\/www.viatgeaddictes.com\/blog\/2012\/05\/mali-en-peligro-el-patrimonio-cultural-de-mali-segun-la-unesco\/"},"wordCount":220,"commentCount":0,"publisher":{"@id":"https:\/\/www.viatgeaddictes.com\/blog\/#\/schema\/person\/37801c6f1a42b1acccc2262e8b9fb40a"},"keywords":["\u00c1frica","Mal\u00ed"],"articleSection":["Patrimonios Humanidad"],"inLanguage":"es","potentialAction":[{"@type":"CommentAction","name":"Comment","target":["https:\/\/www.viatgeaddictes.com\/blog\/2012\/05\/mali-en-peligro-el-patrimonio-cultural-de-mali-segun-la-unesco\/#respond"]}]},{"@type":"WebPage","@id":"https:\/\/www.viatgeaddictes.com\/blog\/2012\/05\/mali-en-peligro-el-patrimonio-cultural-de-mali-segun-la-unesco\/","url":"https:\/\/www.viatgeaddictes.com\/blog\/2012\/05\/mali-en-peligro-el-patrimonio-cultural-de-mali-segun-la-unesco\/","name":"MAL\u00cd - En peligro el patrimonio cultural de Mal\u00ed, seg\u00fan la UNESCO","isPartOf":{"@id":"https:\/\/www.viatgeaddictes.com\/blog\/#website"},"datePublished":"2012-05-08T11:38:01+00:00","dateModified":"2012-08-17T11:39:38+00:00","description":"La\u00a0UNESCO\u00a0(Organizaci\u00f3n de Naciones Unidas para la Educaci\u00f3n, la Ciencia y la Cultura), ha expresado recientemente su preocupaci\u00f3n por el riesgo que","breadcrumb":{"@id":"https:\/\/www.viatgeaddictes.com\/blog\/2012\/05\/mali-en-peligro-el-patrimonio-cultural-de-mali-segun-la-unesco\/#breadcrumb"},"inLanguage":"es","potentialAction":[{"@type":"ReadAction","target":["https:\/\/www.viatgeaddictes.com\/blog\/2012\/05\/mali-en-peligro-el-patrimonio-cultural-de-mali-segun-la-unesco\/"]}]},{"@type":"BreadcrumbList","@id":"https:\/\/www.viatgeaddictes.com\/blog\/2012\/05\/mali-en-peligro-el-patrimonio-cultural-de-mali-segun-la-unesco\/#breadcrumb","itemListElement":[{"@type":"ListItem","position":1,"name":"Inici","item":"https:\/\/www.viatgeaddictes.com\/blog\/"},{"@type":"ListItem","position":2,"name":"MAL\u00cd &#8211; En peligro el patrimonio cultural de Mal\u00ed, seg\u00fan la UNESCO"}]},{"@type":"WebSite","@id":"https:\/\/www.viatgeaddictes.com\/blog\/#website","url":"https:\/\/www.viatgeaddictes.com\/blog\/","name":"Viatgeaddictes - Blog de noticias de viajes y turismo","description":"Viatgeaddictes.com, recursos para el viajero independiente","publisher":{"@id":"https:\/\/www.viatgeaddictes.com\/blog\/#\/schema\/person\/37801c6f1a42b1acccc2262e8b9fb40a"},"potentialAction":[{"@type":"SearchAction","target":{"@type":"EntryPoint","urlTemplate":"https:\/\/www.viatgeaddictes.com\/blog\/?s={search_term_string}"},"query-input":{"@type":"PropertyValueSpecification","valueRequired":true,"valueName":"search_term_string"}}],"inLanguage":"es"},{"@type":["Person","Organization"],"@id":"https:\/\/www.viatgeaddictes.com\/blog\/#\/schema\/person\/37801c6f1a42b1acccc2262e8b9fb40a","name":"Viatgeaddictes","image":{"@type":"ImageObject","inLanguage":"es","@id":"https:\/\/secure.gravatar.com\/avatar\/8e539e3957a5de243b927337e71f118ed9f49b85e9cc445b9cb8ac83700f32c6?s=96&d=identicon&r=g","url":"https:\/\/secure.gravatar.com\/avatar\/8e539e3957a5de243b927337e71f118ed9f49b85e9cc445b9cb8ac83700f32c6?s=96&d=identicon&r=g","contentUrl":"https:\/\/secure.gravatar.com\/avatar\/8e539e3957a5de243b927337e71f118ed9f49b85e9cc445b9cb8ac83700f32c6?s=96&d=identicon&r=g","caption":"Viatgeaddictes"},"logo":{"@id":"https:\/\/secure.gravatar.com\/avatar\/8e539e3957a5de243b927337e71f118ed9f49b85e9cc445b9cb8ac83700f32c6?s=96&d=identicon&r=g"},"sameAs":["https:\/\/www.viatgeaddictes.com","facebook.com\/viatgeaddictes","instagram.com\/viatgeaddictes","https:\/\/x.com\/viatgeaddictes","youtube.com\/viatgeaddictes"],"url":"https:\/\/www.viatgeaddictes.com\/blog\/author\/viatgeaddictes\/"}]}},"jetpack_featured_media_url":"","jetpack_sharing_enabled":true,"jetpack_likes_enabled":true,"_links":{"self":[{"href":"https:\/\/www.viatgeaddictes.com\/blog\/wp-json\/wp\/v2\/posts\/100062","targetHints":{"allow":["GET"]}}],"collection":[{"href":"https:\/\/www.viatgeaddictes.com\/blog\/wp-json\/wp\/v2\/posts"}],"about":[{"href":"https:\/\/www.viatgeaddictes.com\/blog\/wp-json\/wp\/v2\/types\/post"}],"author":[{"embeddable":true,"href":"https:\/\/www.viatgeaddictes.com\/blog\/wp-json\/wp\/v2\/users\/2"}],"replies":[{"embeddable":true,"href":"https:\/\/www.viatgeaddictes.com\/blog\/wp-json\/wp\/v2\/comments?post=100062"}],"version-history":[{"count":0,"href":"https:\/\/www.viatgeaddictes.com\/blog\/wp-json\/wp\/v2\/posts\/100062\/revisions"}],"wp:attachment":[{"href":"https:\/\/www.viatgeaddictes.com\/blog\/wp-json\/wp\/v2\/media?parent=100062"}],"wp:term":[{"taxonomy":"category","embeddable":true,"href":"https:\/\/www.viatgeaddictes.com\/blog\/wp-json\/wp\/v2\/categories?post=100062"},{"taxonomy":"post_tag","embeddable":true,"href":"https:\/\/www.viatgeaddictes.com\/blog\/wp-json\/wp\/v2\/tags?post=100062"}],"curies":[{"name":"wp","href":"https:\/\/api.w.org\/{rel}","templated":true}]}}